{"id":2739,"date":"2022-08-25T13:49:43","date_gmt":"2022-08-25T16:49:43","guid":{"rendered":"https:\/\/mdcenergia.com.br\/?p=2739"},"modified":"2022-08-25T13:49:43","modified_gmt":"2022-08-25T16:49:43","slug":"mdc-participa-do-1o-seminario-de-energias-renovaveis-no-estado-do-rio-de-janeiro","status":"publish","type":"post","link":"https:\/\/mdcenergia.com.br\/en\/mdc-participa-do-1o-seminario-de-energias-renovaveis-no-estado-do-rio-de-janeiro\/","title":{"rendered":"MDC participa do 1\u00ba Semin\u00e1rio de Energias Renov\u00e1veis no Estado do Rio de Janeiro"},"content":{"rendered":"<p>Na pr\u00f3xima sexta-feira (26\/08), \u00e0s 9h, acontece o 1\u00ba Semin\u00e1rio de Energias Renov\u00e1veis no Estado do Rio de Janeiro, com realiza\u00e7\u00e3o do Instituto N\u00eamesis e apoio da Secretaria de Desenvolvimento Econ\u00f4mico, Energia e Rela\u00e7\u00f5es Internacionais.<\/p>\n<figure id=\"attachment_2740\" aria-describedby=\"caption-attachment-2740\" style=\"width: 450px\" class=\"wp-caption alignleft\"><img fetchpriority=\"high\" decoding=\"async\" class=\"wp-image-2740\" src=\"https:\/\/mdcenergia.com.br\/wp-content\/uploads\/2022\/08\/seminario-300x146.png\" alt=\"\" width=\"450\" height=\"219\" srcset=\"https:\/\/mdcenergia.com.br\/wp-content\/uploads\/2022\/08\/seminario-300x146.png 300w, https:\/\/mdcenergia.com.br\/wp-content\/uploads\/2022\/08\/seminario-768x374.png 768w, https:\/\/mdcenergia.com.br\/wp-content\/uploads\/2022\/08\/seminario-18x9.png 18w, https:\/\/mdcenergia.com.br\/wp-content\/uploads\/2022\/08\/seminario.png 1013w\" sizes=\"(max-width: 450px) 100vw, 450px\" \/><figcaption id=\"caption-attachment-2740\" class=\"wp-caption-text\"><strong><em>MDC participar\u00e1 do Painel Biog\u00e1s durante o evento<\/em><\/strong><\/figcaption><\/figure>\n<p>A MDC, como l\u00edder de mercado de biometano, integra o Painel Biog\u00e1s e ser\u00e1 representada pelo presidente do Conselho de Administra\u00e7\u00e3o da MDC, Byron Mello Rosa. Convidamos a todos da nossa rede para acompanhar o semin\u00e1rio e conhecer um pouco mais da expertise e da estrat\u00e9gia de crescimento da Companhia.<\/p>\n<p>O pioneirismo da MDC na produ\u00e7\u00e3o de biometano come\u00e7ou no Rio de Janeiro, quando foi inaugurada, em 2014, a GNR Dois Arcos, patrocinadora do evento e primeira planta de biometano especificado de acordo com normas da Ag\u00eancia Nacional do Petr\u00f3leo (ANP).<\/p>\n<p>O evento \u00e9 gratuito e ser\u00e1 realizado em formato digital. Inscri\u00e7\u00f5es dispon\u00edveis no link:\u00a0<a title=\"https:\/\/eventos.congresse.me\/rjenergia\" href=\"https:\/\/eventos.congresse.me\/rjenergia\" target=\"_blank\" rel=\"noopener\" data-cke-saved-href=\"https:\/\/eventos.congresse.me\/rjenergia\" data-interception=\"off\">https:\/\/eventos.congresse.me\/rjenergia<\/a><\/p>","protected":false},"excerpt":{"rendered":"<p>Na pr\u00f3xima sexta-feira (26\/08), \u00e0s 9h, acontece o 1\u00ba Semin\u00e1rio de Energias Renov\u00e1veis no Estado do Rio de Janeiro, com realiza\u00e7\u00e3o do Instituto N\u00eamesis e apoio da Secretaria de Desenvolvimento Econ\u00f4mico, Energia e Rela\u00e7\u00f5es Internacionais. A MDC, como l\u00edder de mercado de biometano, integra o Painel Biog\u00e1s e ser\u00e1 representada pelo presidente do Conselho de [&hellip;]<\/p>\n","protected":false},"author":17,"featured_media":2740,"comment_status":"open","ping_status":"open","sticky":false,"template":"","format":"standard","meta":{"_acf_changed":false,"footnotes":""},"categories":[1],"tags":[49,48,29,30,39],"class_list":["post-2739","post","type-post","status-publish","format-standard","has-post-thumbnail","hentry","category-uncategorized","tag-biogas","tag-biometano","tag-energia","tag-mdc-energia","tag-sustentabilidade"],"acf":[],"yoast_head":"<!-- This site is optimized with the Yoast SEO plugin v27.5 - https:\/\/yoast.com\/product\/yoast-seo-wordpress\/ -->\n<title>MDC participa do 1\u00ba Semin\u00e1rio de Energias Renov\u00e1veis no Estado do Rio de Janeiro - MDC - Energia - Holding<\/title>\n<meta name=\"description\" content=\"MDC participa do 1\u00ba Semin\u00e1rio de Energias Renov\u00e1veis no Estado do Rio de Janeiro nesta sexta-feira, em painel especial sobre biog\u00e1s\" \/>\n<meta name=\"robots\" content=\"index, follow, max-snippet:-1, max-image-preview:large, max-video-preview:-1\" \/>\n<link rel=\"canonical\" href=\"https:\/\/mdcenergia.com.br\/en\/mdc-participa-do-1o-seminario-de-energias-renovaveis-no-estado-do-rio-de-janeiro\/\" \/>\n<meta property=\"og:locale\" content=\"en_US\" \/>\n<meta property=\"og:type\" content=\"article\" \/>\n<meta property=\"og:title\" content=\"MDC participa do 1\u00ba Semin\u00e1rio de Energias Renov\u00e1veis no Estado do Rio de Janeiro - MDC - Energia - Holding\" \/>\n<meta property=\"og:description\" content=\"MDC participa do 1\u00ba Semin\u00e1rio de Energias Renov\u00e1veis no Estado do Rio de Janeiro nesta sexta-feira, em painel especial sobre biog\u00e1s\" \/>\n<meta property=\"og:url\" content=\"https:\/\/mdcenergia.com.br\/en\/mdc-participa-do-1o-seminario-de-energias-renovaveis-no-estado-do-rio-de-janeiro\/\" \/>\n<meta property=\"og:site_name\" content=\"MDC - Energia - Holding\" \/>\n<meta property=\"article:published_time\" content=\"2022-08-25T16:49:43+00:00\" \/>\n<meta property=\"og:image\" content=\"https:\/\/mdcenergia.com.br\/wp-content\/uploads\/2022\/08\/seminario.png\" \/>\n\t<meta property=\"og:image:width\" content=\"1013\" \/>\n\t<meta property=\"og:image:height\" content=\"493\" \/>\n\t<meta property=\"og:image:type\" content=\"image\/png\" \/>\n<meta name=\"author\" content=\"mdcenergia\" \/>\n<meta name=\"twitter:card\" content=\"summary_large_image\" \/>\n<meta name=\"twitter:label1\" content=\"Written by\" \/>\n\t<meta name=\"twitter:data1\" content=\"mdcenergia\" \/>\n\t<meta name=\"twitter:label2\" content=\"Est. reading time\" \/>\n\t<meta name=\"twitter:data2\" content=\"1 minute\" \/>\n<script type=\"application\/ld+json\" class=\"yoast-schema-graph\">{\"@context\":\"https:\\\/\\\/schema.org\",\"@graph\":[{\"@type\":\"Article\",\"@id\":\"https:\\\/\\\/mdcenergia.com.br\\\/mdc-participa-do-1o-seminario-de-energias-renovaveis-no-estado-do-rio-de-janeiro\\\/#article\",\"isPartOf\":{\"@id\":\"https:\\\/\\\/mdcenergia.com.br\\\/mdc-participa-do-1o-seminario-de-energias-renovaveis-no-estado-do-rio-de-janeiro\\\/\"},\"author\":{\"name\":\"mdcenergia\",\"@id\":\"https:\\\/\\\/mdcenergia.com.br\\\/#\\\/schema\\\/person\\\/989879fb922d6d03e3eea3802d3fc759\"},\"headline\":\"MDC participa do 1\u00ba Semin\u00e1rio de Energias Renov\u00e1veis no Estado do Rio de Janeiro\",\"datePublished\":\"2022-08-25T16:49:43+00:00\",\"mainEntityOfPage\":{\"@id\":\"https:\\\/\\\/mdcenergia.com.br\\\/mdc-participa-do-1o-seminario-de-energias-renovaveis-no-estado-do-rio-de-janeiro\\\/\"},\"wordCount\":190,\"commentCount\":0,\"publisher\":{\"@id\":\"https:\\\/\\\/mdcenergia.com.br\\\/#organization\"},\"image\":{\"@id\":\"https:\\\/\\\/mdcenergia.com.br\\\/mdc-participa-do-1o-seminario-de-energias-renovaveis-no-estado-do-rio-de-janeiro\\\/#primaryimage\"},\"thumbnailUrl\":\"https:\\\/\\\/mdcenergia.com.br\\\/wp-content\\\/uploads\\\/2022\\\/08\\\/seminario.png\",\"keywords\":[\"Biog\u00e1s\",\"Biometano\",\"Energia\",\"MDC Energia\",\"Sustentabilidade\"],\"inLanguage\":\"en-US\"},{\"@type\":\"WebPage\",\"@id\":\"https:\\\/\\\/mdcenergia.com.br\\\/mdc-participa-do-1o-seminario-de-energias-renovaveis-no-estado-do-rio-de-janeiro\\\/\",\"url\":\"https:\\\/\\\/mdcenergia.com.br\\\/mdc-participa-do-1o-seminario-de-energias-renovaveis-no-estado-do-rio-de-janeiro\\\/\",\"name\":\"MDC participa do 1\u00ba Semin\u00e1rio de Energias Renov\u00e1veis no Estado do Rio de Janeiro - MDC - Energia - Holding\",\"isPartOf\":{\"@id\":\"https:\\\/\\\/mdcenergia.com.br\\\/#website\"},\"primaryImageOfPage\":{\"@id\":\"https:\\\/\\\/mdcenergia.com.br\\\/mdc-participa-do-1o-seminario-de-energias-renovaveis-no-estado-do-rio-de-janeiro\\\/#primaryimage\"},\"image\":{\"@id\":\"https:\\\/\\\/mdcenergia.com.br\\\/mdc-participa-do-1o-seminario-de-energias-renovaveis-no-estado-do-rio-de-janeiro\\\/#primaryimage\"},\"thumbnailUrl\":\"https:\\\/\\\/mdcenergia.com.br\\\/wp-content\\\/uploads\\\/2022\\\/08\\\/seminario.png\",\"datePublished\":\"2022-08-25T16:49:43+00:00\",\"description\":\"MDC participa do 1\u00ba Semin\u00e1rio de Energias Renov\u00e1veis no Estado do Rio de Janeiro nesta sexta-feira, em painel especial sobre biog\u00e1s\",\"breadcrumb\":{\"@id\":\"https:\\\/\\\/mdcenergia.com.br\\\/mdc-participa-do-1o-seminario-de-energias-renovaveis-no-estado-do-rio-de-janeiro\\\/#breadcrumb\"},\"inLanguage\":\"en-US\",\"potentialAction\":[{\"@type\":\"ReadAction\",\"target\":[\"https:\\\/\\\/mdcenergia.com.br\\\/mdc-participa-do-1o-seminario-de-energias-renovaveis-no-estado-do-rio-de-janeiro\\\/\"]}]},{\"@type\":\"ImageObject\",\"inLanguage\":\"en-US\",\"@id\":\"https:\\\/\\\/mdcenergia.com.br\\\/mdc-participa-do-1o-seminario-de-energias-renovaveis-no-estado-do-rio-de-janeiro\\\/#primaryimage\",\"url\":\"https:\\\/\\\/mdcenergia.com.br\\\/wp-content\\\/uploads\\\/2022\\\/08\\\/seminario.png\",\"contentUrl\":\"https:\\\/\\\/mdcenergia.com.br\\\/wp-content\\\/uploads\\\/2022\\\/08\\\/seminario.png\",\"width\":1013,\"height\":493,\"caption\":\"MDC participar\u00e1 do Painel Biog\u00e1s durante o evento\"},{\"@type\":\"BreadcrumbList\",\"@id\":\"https:\\\/\\\/mdcenergia.com.br\\\/mdc-participa-do-1o-seminario-de-energias-renovaveis-no-estado-do-rio-de-janeiro\\\/#breadcrumb\",\"itemListElement\":[{\"@type\":\"ListItem\",\"position\":1,\"name\":\"In\u00edcio\",\"item\":\"https:\\\/\\\/mdcenergia.com.br\\\/\"},{\"@type\":\"ListItem\",\"position\":2,\"name\":\"MDC participa do 1\u00ba Semin\u00e1rio de Energias Renov\u00e1veis no Estado do Rio de Janeiro\"}]},{\"@type\":\"WebSite\",\"@id\":\"https:\\\/\\\/mdcenergia.com.br\\\/#website\",\"url\":\"https:\\\/\\\/mdcenergia.com.br\\\/\",\"name\":\"MDC - Energia - Holding\",\"description\":\"\",\"publisher\":{\"@id\":\"https:\\\/\\\/mdcenergia.com.br\\\/#organization\"},\"potentialAction\":[{\"@type\":\"SearchAction\",\"target\":{\"@type\":\"EntryPoint\",\"urlTemplate\":\"https:\\\/\\\/mdcenergia.com.br\\\/?s={search_term_string}\"},\"query-input\":{\"@type\":\"PropertyValueSpecification\",\"valueRequired\":true,\"valueName\":\"search_term_string\"}}],\"inLanguage\":\"en-US\"},{\"@type\":\"Organization\",\"@id\":\"https:\\\/\\\/mdcenergia.com.br\\\/#organization\",\"name\":\"MDC - Energia - Holding\",\"url\":\"https:\\\/\\\/mdcenergia.com.br\\\/\",\"logo\":{\"@type\":\"ImageObject\",\"inLanguage\":\"en-US\",\"@id\":\"https:\\\/\\\/mdcenergia.com.br\\\/#\\\/schema\\\/logo\\\/image\\\/\",\"url\":\"https:\\\/\\\/mdcenergia.com.br\\\/wp-content\\\/uploads\\\/2020\\\/02\\\/MDC_RGB_Horizontal_Tagline_Negativo.png\",\"contentUrl\":\"https:\\\/\\\/mdcenergia.com.br\\\/wp-content\\\/uploads\\\/2020\\\/02\\\/MDC_RGB_Horizontal_Tagline_Negativo.png\",\"width\":2194,\"height\":1212,\"caption\":\"MDC - Energia - Holding\"},\"image\":{\"@id\":\"https:\\\/\\\/mdcenergia.com.br\\\/#\\\/schema\\\/logo\\\/image\\\/\"}},{\"@type\":\"Person\",\"@id\":\"https:\\\/\\\/mdcenergia.com.br\\\/#\\\/schema\\\/person\\\/989879fb922d6d03e3eea3802d3fc759\",\"name\":\"mdcenergia\",\"url\":\"https:\\\/\\\/mdcenergia.com.br\\\/en\\\/author\\\/mdcenergia\\\/\"}]}<\/script>\n<!-- \/ Yoast SEO plugin. -->","yoast_head_json":{"title":"MDC participa do 1\u00ba Semin\u00e1rio de Energias Renov\u00e1veis no Estado do Rio de Janeiro - MDC - Energia - Holding","description":"MDC participa do 1\u00ba Semin\u00e1rio de Energias Renov\u00e1veis no Estado do Rio de Janeiro nesta sexta-feira, em painel especial sobre biog\u00e1s","robots":{"index":"index","follow":"follow","max-snippet":"max-snippet:-1","max-image-preview":"max-image-preview:large","max-video-preview":"max-video-preview:-1"},"canonical":"https:\/\/mdcenergia.com.br\/en\/mdc-participa-do-1o-seminario-de-energias-renovaveis-no-estado-do-rio-de-janeiro\/","og_locale":"en_US","og_type":"article","og_title":"MDC participa do 1\u00ba Semin\u00e1rio de Energias Renov\u00e1veis no Estado do Rio de Janeiro - MDC - Energia - Holding","og_description":"MDC participa do 1\u00ba Semin\u00e1rio de Energias Renov\u00e1veis no Estado do Rio de Janeiro nesta sexta-feira, em painel especial sobre biog\u00e1s","og_url":"https:\/\/mdcenergia.com.br\/en\/mdc-participa-do-1o-seminario-de-energias-renovaveis-no-estado-do-rio-de-janeiro\/","og_site_name":"MDC - Energia - Holding","article_published_time":"2022-08-25T16:49:43+00:00","og_image":[{"width":1013,"height":493,"url":"https:\/\/mdcenergia.com.br\/wp-content\/uploads\/2022\/08\/seminario.png","type":"image\/png"}],"author":"mdcenergia","twitter_card":"summary_large_image","twitter_misc":{"Written by":"mdcenergia","Est. reading time":"1 minute"},"schema":{"@context":"https:\/\/schema.org","@graph":[{"@type":"Article","@id":"https:\/\/mdcenergia.com.br\/mdc-participa-do-1o-seminario-de-energias-renovaveis-no-estado-do-rio-de-janeiro\/#article","isPartOf":{"@id":"https:\/\/mdcenergia.com.br\/mdc-participa-do-1o-seminario-de-energias-renovaveis-no-estado-do-rio-de-janeiro\/"},"author":{"name":"mdcenergia","@id":"https:\/\/mdcenergia.com.br\/#\/schema\/person\/989879fb922d6d03e3eea3802d3fc759"},"headline":"MDC participa do 1\u00ba Semin\u00e1rio de Energias Renov\u00e1veis no Estado do Rio de Janeiro","datePublished":"2022-08-25T16:49:43+00:00","mainEntityOfPage":{"@id":"https:\/\/mdcenergia.com.br\/mdc-participa-do-1o-seminario-de-energias-renovaveis-no-estado-do-rio-de-janeiro\/"},"wordCount":190,"commentCount":0,"publisher":{"@id":"https:\/\/mdcenergia.com.br\/#organization"},"image":{"@id":"https:\/\/mdcenergia.com.br\/mdc-participa-do-1o-seminario-de-energias-renovaveis-no-estado-do-rio-de-janeiro\/#primaryimage"},"thumbnailUrl":"https:\/\/mdcenergia.com.br\/wp-content\/uploads\/2022\/08\/seminario.png","keywords":["Biog\u00e1s","Biometano","Energia","MDC Energia","Sustentabilidade"],"inLanguage":"en-US"},{"@type":"WebPage","@id":"https:\/\/mdcenergia.com.br\/mdc-participa-do-1o-seminario-de-energias-renovaveis-no-estado-do-rio-de-janeiro\/","url":"https:\/\/mdcenergia.com.br\/mdc-participa-do-1o-seminario-de-energias-renovaveis-no-estado-do-rio-de-janeiro\/","name":"MDC participa do 1\u00ba Semin\u00e1rio de Energias Renov\u00e1veis no Estado do Rio de Janeiro - MDC - Energia - Holding","isPartOf":{"@id":"https:\/\/mdcenergia.com.br\/#website"},"primaryImageOfPage":{"@id":"https:\/\/mdcenergia.com.br\/mdc-participa-do-1o-seminario-de-energias-renovaveis-no-estado-do-rio-de-janeiro\/#primaryimage"},"image":{"@id":"https:\/\/mdcenergia.com.br\/mdc-participa-do-1o-seminario-de-energias-renovaveis-no-estado-do-rio-de-janeiro\/#primaryimage"},"thumbnailUrl":"https:\/\/mdcenergia.com.br\/wp-content\/uploads\/2022\/08\/seminario.png","datePublished":"2022-08-25T16:49:43+00:00","description":"MDC participa do 1\u00ba Semin\u00e1rio de Energias Renov\u00e1veis no Estado do Rio de Janeiro nesta sexta-feira, em painel especial sobre biog\u00e1s","breadcrumb":{"@id":"https:\/\/mdcenergia.com.br\/mdc-participa-do-1o-seminario-de-energias-renovaveis-no-estado-do-rio-de-janeiro\/#breadcrumb"},"inLanguage":"en-US","potentialAction":[{"@type":"ReadAction","target":["https:\/\/mdcenergia.com.br\/mdc-participa-do-1o-seminario-de-energias-renovaveis-no-estado-do-rio-de-janeiro\/"]}]},{"@type":"ImageObject","inLanguage":"en-US","@id":"https:\/\/mdcenergia.com.br\/mdc-participa-do-1o-seminario-de-energias-renovaveis-no-estado-do-rio-de-janeiro\/#primaryimage","url":"https:\/\/mdcenergia.com.br\/wp-content\/uploads\/2022\/08\/seminario.png","contentUrl":"https:\/\/mdcenergia.com.br\/wp-content\/uploads\/2022\/08\/seminario.png","width":1013,"height":493,"caption":"MDC participar\u00e1 do Painel Biog\u00e1s durante o evento"},{"@type":"BreadcrumbList","@id":"https:\/\/mdcenergia.com.br\/mdc-participa-do-1o-seminario-de-energias-renovaveis-no-estado-do-rio-de-janeiro\/#breadcrumb","itemListElement":[{"@type":"ListItem","position":1,"name":"In\u00edcio","item":"https:\/\/mdcenergia.com.br\/"},{"@type":"ListItem","position":2,"name":"MDC participa do 1\u00ba Semin\u00e1rio de Energias Renov\u00e1veis no Estado do Rio de Janeiro"}]},{"@type":"WebSite","@id":"https:\/\/mdcenergia.com.br\/#website","url":"https:\/\/mdcenergia.com.br\/","name":"MDC - Energia - Holding","description":"","publisher":{"@id":"https:\/\/mdcenergia.com.br\/#organization"},"potentialAction":[{"@type":"SearchAction","target":{"@type":"EntryPoint","urlTemplate":"https:\/\/mdcenergia.com.br\/?s={search_term_string}"},"query-input":{"@type":"PropertyValueSpecification","valueRequired":true,"valueName":"search_term_string"}}],"inLanguage":"en-US"},{"@type":"Organization","@id":"https:\/\/mdcenergia.com.br\/#organization","name":"MDC - Energia - Holding","url":"https:\/\/mdcenergia.com.br\/","logo":{"@type":"ImageObject","inLanguage":"en-US","@id":"https:\/\/mdcenergia.com.br\/#\/schema\/logo\/image\/","url":"https:\/\/mdcenergia.com.br\/wp-content\/uploads\/2020\/02\/MDC_RGB_Horizontal_Tagline_Negativo.png","contentUrl":"https:\/\/mdcenergia.com.br\/wp-content\/uploads\/2020\/02\/MDC_RGB_Horizontal_Tagline_Negativo.png","width":2194,"height":1212,"caption":"MDC - Energia - Holding"},"image":{"@id":"https:\/\/mdcenergia.com.br\/#\/schema\/logo\/image\/"}},{"@type":"Person","@id":"https:\/\/mdcenergia.com.br\/#\/schema\/person\/989879fb922d6d03e3eea3802d3fc759","name":"mdcenergia","url":"https:\/\/mdcenergia.com.br\/en\/author\/mdcenergia\/"}]}},"_links":{"self":[{"href":"https:\/\/mdcenergia.com.br\/en\/wp-json\/wp\/v2\/posts\/2739","targetHints":{"allow":["GET"]}}],"collection":[{"href":"https:\/\/mdcenergia.com.br\/en\/wp-json\/wp\/v2\/posts"}],"about":[{"href":"https:\/\/mdcenergia.com.br\/en\/wp-json\/wp\/v2\/types\/post"}],"author":[{"embeddable":true,"href":"https:\/\/mdcenergia.com.br\/en\/wp-json\/wp\/v2\/users\/17"}],"replies":[{"embeddable":true,"href":"https:\/\/mdcenergia.com.br\/en\/wp-json\/wp\/v2\/comments?post=2739"}],"version-history":[{"count":0,"href":"https:\/\/mdcenergia.com.br\/en\/wp-json\/wp\/v2\/posts\/2739\/revisions"}],"wp:featuredmedia":[{"embeddable":true,"href":"https:\/\/mdcenergia.com.br\/en\/wp-json\/wp\/v2\/media\/2740"}],"wp:attachment":[{"href":"https:\/\/mdcenergia.com.br\/en\/wp-json\/wp\/v2\/media?parent=2739"}],"wp:term":[{"taxonomy":"category","embeddable":true,"href":"https:\/\/mdcenergia.com.br\/en\/wp-json\/wp\/v2\/categories?post=2739"},{"taxonomy":"post_tag","embeddable":true,"href":"https:\/\/mdcenergia.com.br\/en\/wp-json\/wp\/v2\/tags?post=2739"}],"curies":[{"name":"wp","href":"https:\/\/api.w.org\/{rel}","templated":true}]}}