{"id":2900,"date":"2023-03-20T10:48:24","date_gmt":"2023-03-20T13:48:24","guid":{"rendered":"https:\/\/mdcenergia.com.br\/?p=2900"},"modified":"2023-03-20T10:48:24","modified_gmt":"2023-03-20T13:48:24","slug":"venda-de-gas-rec-e-destaque-em-materia-do-jornal-valor-economico","status":"publish","type":"post","link":"https:\/\/mdcenergia.com.br\/en\/venda-de-gas-rec-e-destaque-em-materia-do-jornal-valor-economico\/","title":{"rendered":"Venda de GAS-REC \u00e9 destaque em mat\u00e9ria do jornal Valor Econ\u00f4mico"},"content":{"rendered":"<p>Nesta segunda-feira, 20, a MDC foi destaque em mat\u00e9ria do jornal Valor Econ\u00f4mico sobre a comercializa\u00e7\u00e3o dos GAS-REC de biometano emitidos na GNR Fortaleza.<\/p>\n<p>Confira, abaixo, um trecho da reportagem:<\/p>\n<p><span class=\"fontColorThemeSecondary\"><strong><em>&#8220;A MDC Energia e a Marquise Ambiental firmaram com a cervejaria Heineken o primeiro contrato de comercializa\u00e7\u00e3o de certificados de rastreabilidade de g\u00e1s natural renov\u00e1vel (Gas-Rec) de biometano, lastreado na produ\u00e7\u00e3o da usina GNR Fortaleza, da qual as empresas s\u00e3o s\u00f3cias. O acordo firmado envolveu a emiss\u00e3o de 520 mil Gas-Recs emitidos pela usina, v\u00e1lidos por 12 meses, renov\u00e1veis. O volume de certificados negociados corresponde a pouco mais de 50% do potencial de emiss\u00e3o, pela usina, de 1 milh\u00e3o de Gas-Recs.<br \/>\n<\/em><\/strong><\/span><\/p>\n<p><span class=\"fontColorThemeSecondary\"><strong><em>Atualmente, a GNR Fortaleza produz cerca de 100 mil metros c\u00fabicos por dia (m3 \/dia) de biometano, a partir da purifica\u00e7\u00e3o do biog\u00e1s obtido no aterro sanit\u00e1rio de Fortaleza, gerido pela Marquise. A produ\u00e7\u00e3o \u00e9 injetada integralmente na rede de distribui\u00e7\u00e3o de g\u00e1s natural da Ceg\u00e1s. A GNR \u00e9 a \u00fanica que destina a produ\u00e7\u00e3o diretamente a uma distribuidora.&#8221;<\/em><\/strong><\/span><\/p>\n<p>Voc\u00ea pode ler a mat\u00e9ria completa\u00a0<a title=\"https:\/\/valor.globo.com\/empresas\/noticia\/2023\/03\/20\/mdc-e-marquise-fecham-venda-de-gas-rec-para-a-heineken.ghtml\" href=\"https:\/\/valor.globo.com\/empresas\/noticia\/2023\/03\/20\/mdc-e-marquise-fecham-venda-de-gas-rec-para-a-heineken.ghtml\" target=\"_blank\" rel=\"noopener\" data-cke-saved-href=\"https:\/\/valor.globo.com\/empresas\/noticia\/2023\/03\/20\/mdc-e-marquise-fecham-venda-de-gas-rec-para-a-heineken.ghtml\" data-interception=\"off\">clicando aqui<\/a>.<\/p>\n<figure id=\"attachment_2901\" aria-describedby=\"caption-attachment-2901\" style=\"width: 478px\" class=\"wp-caption aligncenter\"><img fetchpriority=\"high\" decoding=\"async\" class=\"wp-image-2901\" src=\"https:\/\/mdcenergia.com.br\/wp-content\/uploads\/2023\/03\/MDC-e-Marquise-fecham-venda-de-Gas-REC-para-a-Heineken_Valor-Economico_20.03.2023-impresso-300x228.jpeg\" alt=\"Venda de GAS-REC \u00e9 destaque em mat\u00e9ria do jornal Valor Econ\u00f4mico\" width=\"478\" height=\"363\" srcset=\"https:\/\/mdcenergia.com.br\/wp-content\/uploads\/2023\/03\/MDC-e-Marquise-fecham-venda-de-Gas-REC-para-a-Heineken_Valor-Economico_20.03.2023-impresso-300x228.jpeg 300w, https:\/\/mdcenergia.com.br\/wp-content\/uploads\/2023\/03\/MDC-e-Marquise-fecham-venda-de-Gas-REC-para-a-Heineken_Valor-Economico_20.03.2023-impresso-1024x780.jpeg 1024w, https:\/\/mdcenergia.com.br\/wp-content\/uploads\/2023\/03\/MDC-e-Marquise-fecham-venda-de-Gas-REC-para-a-Heineken_Valor-Economico_20.03.2023-impresso-768x585.jpeg 768w, https:\/\/mdcenergia.com.br\/wp-content\/uploads\/2023\/03\/MDC-e-Marquise-fecham-venda-de-Gas-REC-para-a-Heineken_Valor-Economico_20.03.2023-impresso-1536x1169.jpeg 1536w, https:\/\/mdcenergia.com.br\/wp-content\/uploads\/2023\/03\/MDC-e-Marquise-fecham-venda-de-Gas-REC-para-a-Heineken_Valor-Economico_20.03.2023-impresso-16x12.jpeg 16w, https:\/\/mdcenergia.com.br\/wp-content\/uploads\/2023\/03\/MDC-e-Marquise-fecham-venda-de-Gas-REC-para-a-Heineken_Valor-Economico_20.03.2023-impresso.jpeg 1600w\" sizes=\"(max-width: 478px) 100vw, 478px\" \/><figcaption id=\"caption-attachment-2901\" class=\"wp-caption-text\"><em>Venda de GAS-REC \u00e9 destaque em mat\u00e9ria do jornal Valor Econ\u00f4mico<\/em><\/figcaption><\/figure>","protected":false},"excerpt":{"rendered":"<p>Nesta segunda-feira, 20, a MDC foi destaque em mat\u00e9ria do jornal Valor Econ\u00f4mico sobre a comercializa\u00e7\u00e3o dos GAS-REC de biometano emitidos na GNR Fortaleza. Confira, abaixo, um trecho da reportagem: &#8220;A MDC Energia e a Marquise Ambiental firmaram com a cervejaria Heineken o primeiro contrato de comercializa\u00e7\u00e3o de certificados de rastreabilidade de g\u00e1s natural renov\u00e1vel [&hellip;]<\/p>\n","protected":false},"author":17,"featured_media":2901,"comment_status":"open","ping_status":"open","sticky":false,"template":"","format":"standard","meta":{"_acf_changed":false,"footnotes":""},"categories":[1],"tags":[33,48,31,102,28,30],"class_list":["post-2900","post","type-post","status-publish","format-standard","has-post-thumbnail","hentry","category-uncategorized","tag-baixo-carbono","tag-biometano","tag-energia-renovavel","tag-gas-rec","tag-mdc","tag-mdc-energia"],"acf":[],"yoast_head":"<!-- This site is optimized with the Yoast SEO plugin v27.5 - https:\/\/yoast.com\/product\/yoast-seo-wordpress\/ -->\n<title>Venda de GAS-REC \u00e9 destaque em mat\u00e9ria do jornal Valor Econ\u00f4mico - MDC - Energia - Holding<\/title>\n<meta name=\"description\" content=\"MDC fecha seu primeiro contrato de comercializa\u00e7\u00e3o de certificados de rastreabilidade de g\u00e1s natural renov\u00e1vel (Gas-Rec) de biometano.\" \/>\n<meta name=\"robots\" content=\"index, follow, max-snippet:-1, max-image-preview:large, max-video-preview:-1\" \/>\n<link rel=\"canonical\" href=\"https:\/\/mdcenergia.com.br\/en\/venda-de-gas-rec-e-destaque-em-materia-do-jornal-valor-economico\/\" \/>\n<meta property=\"og:locale\" content=\"en_US\" \/>\n<meta property=\"og:type\" content=\"article\" \/>\n<meta property=\"og:title\" content=\"Venda de GAS-REC \u00e9 destaque em mat\u00e9ria do jornal Valor Econ\u00f4mico - MDC - Energia - Holding\" \/>\n<meta property=\"og:description\" content=\"MDC fecha seu primeiro contrato de comercializa\u00e7\u00e3o de certificados de rastreabilidade de g\u00e1s natural renov\u00e1vel (Gas-Rec) de biometano.\" \/>\n<meta property=\"og:url\" content=\"https:\/\/mdcenergia.com.br\/en\/venda-de-gas-rec-e-destaque-em-materia-do-jornal-valor-economico\/\" \/>\n<meta property=\"og:site_name\" content=\"MDC - Energia - Holding\" \/>\n<meta property=\"article:published_time\" content=\"2023-03-20T13:48:24+00:00\" \/>\n<meta property=\"og:image\" content=\"https:\/\/mdcenergia.com.br\/wp-content\/uploads\/2023\/03\/MDC-e-Marquise-fecham-venda-de-Gas-REC-para-a-Heineken_Valor-Economico_20.03.2023-impresso.jpeg\" \/>\n\t<meta property=\"og:image:width\" content=\"1600\" \/>\n\t<meta property=\"og:image:height\" content=\"1218\" \/>\n\t<meta property=\"og:image:type\" content=\"image\/jpeg\" \/>\n<meta name=\"author\" content=\"mdcenergia\" \/>\n<meta name=\"twitter:card\" content=\"summary_large_image\" \/>\n<meta name=\"twitter:label1\" content=\"Written by\" \/>\n\t<meta name=\"twitter:data1\" content=\"mdcenergia\" \/>\n\t<meta name=\"twitter:label2\" content=\"Est. reading time\" \/>\n\t<meta name=\"twitter:data2\" content=\"1 minute\" \/>\n<script type=\"application\/ld+json\" class=\"yoast-schema-graph\">{\"@context\":\"https:\\\/\\\/schema.org\",\"@graph\":[{\"@type\":\"Article\",\"@id\":\"https:\\\/\\\/mdcenergia.com.br\\\/venda-de-gas-rec-e-destaque-em-materia-do-jornal-valor-economico\\\/#article\",\"isPartOf\":{\"@id\":\"https:\\\/\\\/mdcenergia.com.br\\\/venda-de-gas-rec-e-destaque-em-materia-do-jornal-valor-economico\\\/\"},\"author\":{\"name\":\"mdcenergia\",\"@id\":\"https:\\\/\\\/mdcenergia.com.br\\\/#\\\/schema\\\/person\\\/989879fb922d6d03e3eea3802d3fc759\"},\"headline\":\"Venda de GAS-REC \u00e9 destaque em mat\u00e9ria do jornal Valor Econ\u00f4mico\",\"datePublished\":\"2023-03-20T13:48:24+00:00\",\"mainEntityOfPage\":{\"@id\":\"https:\\\/\\\/mdcenergia.com.br\\\/venda-de-gas-rec-e-destaque-em-materia-do-jornal-valor-economico\\\/\"},\"wordCount\":225,\"commentCount\":0,\"publisher\":{\"@id\":\"https:\\\/\\\/mdcenergia.com.br\\\/#organization\"},\"image\":{\"@id\":\"https:\\\/\\\/mdcenergia.com.br\\\/venda-de-gas-rec-e-destaque-em-materia-do-jornal-valor-economico\\\/#primaryimage\"},\"thumbnailUrl\":\"https:\\\/\\\/mdcenergia.com.br\\\/wp-content\\\/uploads\\\/2023\\\/03\\\/MDC-e-Marquise-fecham-venda-de-Gas-REC-para-a-Heineken_Valor-Economico_20.03.2023-impresso.jpeg\",\"keywords\":[\"Baixo Carbono\",\"Biometano\",\"Energia Renov\u00e1vel\",\"GAS-REC\",\"MDC\",\"MDC Energia\"],\"inLanguage\":\"en-US\"},{\"@type\":\"WebPage\",\"@id\":\"https:\\\/\\\/mdcenergia.com.br\\\/venda-de-gas-rec-e-destaque-em-materia-do-jornal-valor-economico\\\/\",\"url\":\"https:\\\/\\\/mdcenergia.com.br\\\/venda-de-gas-rec-e-destaque-em-materia-do-jornal-valor-economico\\\/\",\"name\":\"Venda de GAS-REC \u00e9 destaque em mat\u00e9ria do jornal Valor Econ\u00f4mico - MDC - Energia - Holding\",\"isPartOf\":{\"@id\":\"https:\\\/\\\/mdcenergia.com.br\\\/#website\"},\"primaryImageOfPage\":{\"@id\":\"https:\\\/\\\/mdcenergia.com.br\\\/venda-de-gas-rec-e-destaque-em-materia-do-jornal-valor-economico\\\/#primaryimage\"},\"image\":{\"@id\":\"https:\\\/\\\/mdcenergia.com.br\\\/venda-de-gas-rec-e-destaque-em-materia-do-jornal-valor-economico\\\/#primaryimage\"},\"thumbnailUrl\":\"https:\\\/\\\/mdcenergia.com.br\\\/wp-content\\\/uploads\\\/2023\\\/03\\\/MDC-e-Marquise-fecham-venda-de-Gas-REC-para-a-Heineken_Valor-Economico_20.03.2023-impresso.jpeg\",\"datePublished\":\"2023-03-20T13:48:24+00:00\",\"description\":\"MDC fecha seu primeiro contrato de comercializa\u00e7\u00e3o de certificados de rastreabilidade de g\u00e1s natural renov\u00e1vel (Gas-Rec) de biometano.\",\"breadcrumb\":{\"@id\":\"https:\\\/\\\/mdcenergia.com.br\\\/venda-de-gas-rec-e-destaque-em-materia-do-jornal-valor-economico\\\/#breadcrumb\"},\"inLanguage\":\"en-US\",\"potentialAction\":[{\"@type\":\"ReadAction\",\"target\":[\"https:\\\/\\\/mdcenergia.com.br\\\/venda-de-gas-rec-e-destaque-em-materia-do-jornal-valor-economico\\\/\"]}]},{\"@type\":\"ImageObject\",\"inLanguage\":\"en-US\",\"@id\":\"https:\\\/\\\/mdcenergia.com.br\\\/venda-de-gas-rec-e-destaque-em-materia-do-jornal-valor-economico\\\/#primaryimage\",\"url\":\"https:\\\/\\\/mdcenergia.com.br\\\/wp-content\\\/uploads\\\/2023\\\/03\\\/MDC-e-Marquise-fecham-venda-de-Gas-REC-para-a-Heineken_Valor-Economico_20.03.2023-impresso.jpeg\",\"contentUrl\":\"https:\\\/\\\/mdcenergia.com.br\\\/wp-content\\\/uploads\\\/2023\\\/03\\\/MDC-e-Marquise-fecham-venda-de-Gas-REC-para-a-Heineken_Valor-Economico_20.03.2023-impresso.jpeg\",\"width\":1600,\"height\":1218,\"caption\":\"Venda de GAS-REC \u00e9 destaque em mat\u00e9ria do jornal Valor Econ\u00f4mico\"},{\"@type\":\"BreadcrumbList\",\"@id\":\"https:\\\/\\\/mdcenergia.com.br\\\/venda-de-gas-rec-e-destaque-em-materia-do-jornal-valor-economico\\\/#breadcrumb\",\"itemListElement\":[{\"@type\":\"ListItem\",\"position\":1,\"name\":\"In\u00edcio\",\"item\":\"https:\\\/\\\/mdcenergia.com.br\\\/\"},{\"@type\":\"ListItem\",\"position\":2,\"name\":\"Venda de GAS-REC \u00e9 destaque em mat\u00e9ria do jornal Valor Econ\u00f4mico\"}]},{\"@type\":\"WebSite\",\"@id\":\"https:\\\/\\\/mdcenergia.com.br\\\/#website\",\"url\":\"https:\\\/\\\/mdcenergia.com.br\\\/\",\"name\":\"MDC - Energia - Holding\",\"description\":\"\",\"publisher\":{\"@id\":\"https:\\\/\\\/mdcenergia.com.br\\\/#organization\"},\"potentialAction\":[{\"@type\":\"SearchAction\",\"target\":{\"@type\":\"EntryPoint\",\"urlTemplate\":\"https:\\\/\\\/mdcenergia.com.br\\\/?s={search_term_string}\"},\"query-input\":{\"@type\":\"PropertyValueSpecification\",\"valueRequired\":true,\"valueName\":\"search_term_string\"}}],\"inLanguage\":\"en-US\"},{\"@type\":\"Organization\",\"@id\":\"https:\\\/\\\/mdcenergia.com.br\\\/#organization\",\"name\":\"MDC - Energia - Holding\",\"url\":\"https:\\\/\\\/mdcenergia.com.br\\\/\",\"logo\":{\"@type\":\"ImageObject\",\"inLanguage\":\"en-US\",\"@id\":\"https:\\\/\\\/mdcenergia.com.br\\\/#\\\/schema\\\/logo\\\/image\\\/\",\"url\":\"https:\\\/\\\/mdcenergia.com.br\\\/wp-content\\\/uploads\\\/2020\\\/02\\\/MDC_RGB_Horizontal_Tagline_Negativo.png\",\"contentUrl\":\"https:\\\/\\\/mdcenergia.com.br\\\/wp-content\\\/uploads\\\/2020\\\/02\\\/MDC_RGB_Horizontal_Tagline_Negativo.png\",\"width\":2194,\"height\":1212,\"caption\":\"MDC - Energia - Holding\"},\"image\":{\"@id\":\"https:\\\/\\\/mdcenergia.com.br\\\/#\\\/schema\\\/logo\\\/image\\\/\"}},{\"@type\":\"Person\",\"@id\":\"https:\\\/\\\/mdcenergia.com.br\\\/#\\\/schema\\\/person\\\/989879fb922d6d03e3eea3802d3fc759\",\"name\":\"mdcenergia\",\"url\":\"https:\\\/\\\/mdcenergia.com.br\\\/en\\\/author\\\/mdcenergia\\\/\"}]}<\/script>\n<!-- \/ Yoast SEO plugin. -->","yoast_head_json":{"title":"Venda de GAS-REC \u00e9 destaque em mat\u00e9ria do jornal Valor Econ\u00f4mico - MDC - Energia - Holding","description":"MDC fecha seu primeiro contrato de comercializa\u00e7\u00e3o de certificados de rastreabilidade de g\u00e1s natural renov\u00e1vel (Gas-Rec) de biometano.","robots":{"index":"index","follow":"follow","max-snippet":"max-snippet:-1","max-image-preview":"max-image-preview:large","max-video-preview":"max-video-preview:-1"},"canonical":"https:\/\/mdcenergia.com.br\/en\/venda-de-gas-rec-e-destaque-em-materia-do-jornal-valor-economico\/","og_locale":"en_US","og_type":"article","og_title":"Venda de GAS-REC \u00e9 destaque em mat\u00e9ria do jornal Valor Econ\u00f4mico - MDC - Energia - Holding","og_description":"MDC fecha seu primeiro contrato de comercializa\u00e7\u00e3o de certificados de rastreabilidade de g\u00e1s natural renov\u00e1vel (Gas-Rec) de biometano.","og_url":"https:\/\/mdcenergia.com.br\/en\/venda-de-gas-rec-e-destaque-em-materia-do-jornal-valor-economico\/","og_site_name":"MDC - Energia - Holding","article_published_time":"2023-03-20T13:48:24+00:00","og_image":[{"width":1600,"height":1218,"url":"https:\/\/mdcenergia.com.br\/wp-content\/uploads\/2023\/03\/MDC-e-Marquise-fecham-venda-de-Gas-REC-para-a-Heineken_Valor-Economico_20.03.2023-impresso.jpeg","type":"image\/jpeg"}],"author":"mdcenergia","twitter_card":"summary_large_image","twitter_misc":{"Written by":"mdcenergia","Est. reading time":"1 minute"},"schema":{"@context":"https:\/\/schema.org","@graph":[{"@type":"Article","@id":"https:\/\/mdcenergia.com.br\/venda-de-gas-rec-e-destaque-em-materia-do-jornal-valor-economico\/#article","isPartOf":{"@id":"https:\/\/mdcenergia.com.br\/venda-de-gas-rec-e-destaque-em-materia-do-jornal-valor-economico\/"},"author":{"name":"mdcenergia","@id":"https:\/\/mdcenergia.com.br\/#\/schema\/person\/989879fb922d6d03e3eea3802d3fc759"},"headline":"Venda de GAS-REC \u00e9 destaque em mat\u00e9ria do jornal Valor Econ\u00f4mico","datePublished":"2023-03-20T13:48:24+00:00","mainEntityOfPage":{"@id":"https:\/\/mdcenergia.com.br\/venda-de-gas-rec-e-destaque-em-materia-do-jornal-valor-economico\/"},"wordCount":225,"commentCount":0,"publisher":{"@id":"https:\/\/mdcenergia.com.br\/#organization"},"image":{"@id":"https:\/\/mdcenergia.com.br\/venda-de-gas-rec-e-destaque-em-materia-do-jornal-valor-economico\/#primaryimage"},"thumbnailUrl":"https:\/\/mdcenergia.com.br\/wp-content\/uploads\/2023\/03\/MDC-e-Marquise-fecham-venda-de-Gas-REC-para-a-Heineken_Valor-Economico_20.03.2023-impresso.jpeg","keywords":["Baixo Carbono","Biometano","Energia Renov\u00e1vel","GAS-REC","MDC","MDC Energia"],"inLanguage":"en-US"},{"@type":"WebPage","@id":"https:\/\/mdcenergia.com.br\/venda-de-gas-rec-e-destaque-em-materia-do-jornal-valor-economico\/","url":"https:\/\/mdcenergia.com.br\/venda-de-gas-rec-e-destaque-em-materia-do-jornal-valor-economico\/","name":"Venda de GAS-REC \u00e9 destaque em mat\u00e9ria do jornal Valor Econ\u00f4mico - MDC - Energia - Holding","isPartOf":{"@id":"https:\/\/mdcenergia.com.br\/#website"},"primaryImageOfPage":{"@id":"https:\/\/mdcenergia.com.br\/venda-de-gas-rec-e-destaque-em-materia-do-jornal-valor-economico\/#primaryimage"},"image":{"@id":"https:\/\/mdcenergia.com.br\/venda-de-gas-rec-e-destaque-em-materia-do-jornal-valor-economico\/#primaryimage"},"thumbnailUrl":"https:\/\/mdcenergia.com.br\/wp-content\/uploads\/2023\/03\/MDC-e-Marquise-fecham-venda-de-Gas-REC-para-a-Heineken_Valor-Economico_20.03.2023-impresso.jpeg","datePublished":"2023-03-20T13:48:24+00:00","description":"MDC fecha seu primeiro contrato de comercializa\u00e7\u00e3o de certificados de rastreabilidade de g\u00e1s natural renov\u00e1vel (Gas-Rec) de biometano.","breadcrumb":{"@id":"https:\/\/mdcenergia.com.br\/venda-de-gas-rec-e-destaque-em-materia-do-jornal-valor-economico\/#breadcrumb"},"inLanguage":"en-US","potentialAction":[{"@type":"ReadAction","target":["https:\/\/mdcenergia.com.br\/venda-de-gas-rec-e-destaque-em-materia-do-jornal-valor-economico\/"]}]},{"@type":"ImageObject","inLanguage":"en-US","@id":"https:\/\/mdcenergia.com.br\/venda-de-gas-rec-e-destaque-em-materia-do-jornal-valor-economico\/#primaryimage","url":"https:\/\/mdcenergia.com.br\/wp-content\/uploads\/2023\/03\/MDC-e-Marquise-fecham-venda-de-Gas-REC-para-a-Heineken_Valor-Economico_20.03.2023-impresso.jpeg","contentUrl":"https:\/\/mdcenergia.com.br\/wp-content\/uploads\/2023\/03\/MDC-e-Marquise-fecham-venda-de-Gas-REC-para-a-Heineken_Valor-Economico_20.03.2023-impresso.jpeg","width":1600,"height":1218,"caption":"Venda de GAS-REC \u00e9 destaque em mat\u00e9ria do jornal Valor Econ\u00f4mico"},{"@type":"BreadcrumbList","@id":"https:\/\/mdcenergia.com.br\/venda-de-gas-rec-e-destaque-em-materia-do-jornal-valor-economico\/#breadcrumb","itemListElement":[{"@type":"ListItem","position":1,"name":"In\u00edcio","item":"https:\/\/mdcenergia.com.br\/"},{"@type":"ListItem","position":2,"name":"Venda de GAS-REC \u00e9 destaque em mat\u00e9ria do jornal Valor Econ\u00f4mico"}]},{"@type":"WebSite","@id":"https:\/\/mdcenergia.com.br\/#website","url":"https:\/\/mdcenergia.com.br\/","name":"MDC - Energia - Holding","description":"","publisher":{"@id":"https:\/\/mdcenergia.com.br\/#organization"},"potentialAction":[{"@type":"SearchAction","target":{"@type":"EntryPoint","urlTemplate":"https:\/\/mdcenergia.com.br\/?s={search_term_string}"},"query-input":{"@type":"PropertyValueSpecification","valueRequired":true,"valueName":"search_term_string"}}],"inLanguage":"en-US"},{"@type":"Organization","@id":"https:\/\/mdcenergia.com.br\/#organization","name":"MDC - Energia - Holding","url":"https:\/\/mdcenergia.com.br\/","logo":{"@type":"ImageObject","inLanguage":"en-US","@id":"https:\/\/mdcenergia.com.br\/#\/schema\/logo\/image\/","url":"https:\/\/mdcenergia.com.br\/wp-content\/uploads\/2020\/02\/MDC_RGB_Horizontal_Tagline_Negativo.png","contentUrl":"https:\/\/mdcenergia.com.br\/wp-content\/uploads\/2020\/02\/MDC_RGB_Horizontal_Tagline_Negativo.png","width":2194,"height":1212,"caption":"MDC - Energia - Holding"},"image":{"@id":"https:\/\/mdcenergia.com.br\/#\/schema\/logo\/image\/"}},{"@type":"Person","@id":"https:\/\/mdcenergia.com.br\/#\/schema\/person\/989879fb922d6d03e3eea3802d3fc759","name":"mdcenergia","url":"https:\/\/mdcenergia.com.br\/en\/author\/mdcenergia\/"}]}},"_links":{"self":[{"href":"https:\/\/mdcenergia.com.br\/en\/wp-json\/wp\/v2\/posts\/2900","targetHints":{"allow":["GET"]}}],"collection":[{"href":"https:\/\/mdcenergia.com.br\/en\/wp-json\/wp\/v2\/posts"}],"about":[{"href":"https:\/\/mdcenergia.com.br\/en\/wp-json\/wp\/v2\/types\/post"}],"author":[{"embeddable":true,"href":"https:\/\/mdcenergia.com.br\/en\/wp-json\/wp\/v2\/users\/17"}],"replies":[{"embeddable":true,"href":"https:\/\/mdcenergia.com.br\/en\/wp-json\/wp\/v2\/comments?post=2900"}],"version-history":[{"count":1,"href":"https:\/\/mdcenergia.com.br\/en\/wp-json\/wp\/v2\/posts\/2900\/revisions"}],"predecessor-version":[{"id":2902,"href":"https:\/\/mdcenergia.com.br\/en\/wp-json\/wp\/v2\/posts\/2900\/revisions\/2902"}],"wp:featuredmedia":[{"embeddable":true,"href":"https:\/\/mdcenergia.com.br\/en\/wp-json\/wp\/v2\/media\/2901"}],"wp:attachment":[{"href":"https:\/\/mdcenergia.com.br\/en\/wp-json\/wp\/v2\/media?parent=2900"}],"wp:term":[{"taxonomy":"category","embeddable":true,"href":"https:\/\/mdcenergia.com.br\/en\/wp-json\/wp\/v2\/categories?post=2900"},{"taxonomy":"post_tag","embeddable":true,"href":"https:\/\/mdcenergia.com.br\/en\/wp-json\/wp\/v2\/tags?post=2900"}],"curies":[{"name":"wp","href":"https:\/\/api.w.org\/{rel}","templated":true}]}}