{"id":2960,"date":"2023-06-07T16:51:24","date_gmt":"2023-06-07T19:51:24","guid":{"rendered":"https:\/\/mdcenergia.com.br\/?p=2960"},"modified":"2023-06-07T16:51:24","modified_gmt":"2023-06-07T19:51:24","slug":"dia-solidario-e-realizado-por-colaboradores-da-mdc","status":"publish","type":"post","link":"https:\/\/mdcenergia.com.br\/en\/dia-solidario-e-realizado-por-colaboradores-da-mdc\/","title":{"rendered":"Dia solid\u00e1rio \u00e9 realizado por colaboradores da MDC"},"content":{"rendered":"<p>No \u00faltimo s\u00e1bado, 03, realizamos o Dia da Solidariedade 2023 da MDC. A iniciativa social proporcionou uma manh\u00e3 de cuidado, alegria e amor para mais de mil pessoas. E, mais uma vez, o engajamento dos colaboradores da Companhia foi fundamental para o sucesso da a\u00e7\u00e3o!<\/p>\n<figure id=\"attachment_2961\" aria-describedby=\"caption-attachment-2961\" style=\"width: 398px\" class=\"wp-caption alignleft\"><img fetchpriority=\"high\" decoding=\"async\" class=\"wp-image-2961\" src=\"https:\/\/mdcenergia.com.br\/wp-content\/uploads\/2023\/06\/Design-sem-nome-80-300x205.png\" alt=\"Colaboradores volunt\u00e1rios realizaram a\u00e7\u00e3o social em seis cidades onde a MDC atua\" width=\"398\" height=\"272\" srcset=\"https:\/\/mdcenergia.com.br\/wp-content\/uploads\/2023\/06\/Design-sem-nome-80-300x205.png 300w, https:\/\/mdcenergia.com.br\/wp-content\/uploads\/2023\/06\/Design-sem-nome-80-1024x698.png 1024w, https:\/\/mdcenergia.com.br\/wp-content\/uploads\/2023\/06\/Design-sem-nome-80-768x524.png 768w, https:\/\/mdcenergia.com.br\/wp-content\/uploads\/2023\/06\/Design-sem-nome-80-1536x1048.png 1536w, https:\/\/mdcenergia.com.br\/wp-content\/uploads\/2023\/06\/Design-sem-nome-80-18x12.png 18w, https:\/\/mdcenergia.com.br\/wp-content\/uploads\/2023\/06\/Design-sem-nome-80.png 2000w\" sizes=\"(max-width: 398px) 100vw, 398px\" \/><figcaption id=\"caption-attachment-2961\" class=\"wp-caption-text\">Colaboradores volunt\u00e1rios realizaram a\u00e7\u00e3o social em seis cidades onde a MDC atua<\/figcaption><\/figure>\n<p>O trabalho social foi realizado em seis cidades nas quais a MDC mant\u00e9m suas opera\u00e7\u00f5es e contou com o apoio de 50 colaboradores e seus familiares como volunt\u00e1rios para planejar e executar esse dia especial. Confira, abaixo, como foi o Dia da Solidariedade de cada munic\u00edpio!<\/p>\n<p>Em Salvador (BA), realizamos uma Festa de S\u00e3o Jo\u00e3o para as crian\u00e7as da Creche Escola Comunit\u00e1ria Flor da Primavera. Com lanches, brinquedos, m\u00fasica e recrea\u00e7\u00e3o, o evento levou alegria para as 90 crian\u00e7as atendidas pela institui\u00e7\u00e3o, com idades entre 1 e 5 anos. Foram feitas ainda doa\u00e7\u00f5es de material de limpeza, higiene e itens de alimenta\u00e7\u00e3o para almo\u00e7o e lanche das crian\u00e7as, al\u00e9m do conserto no telhado da institui\u00e7\u00e3o.<\/p>\n<p>J\u00e1 alunos da Escola Caminhos do Futuro, projeto social implantado pela MDC e CDGN, em Ouri\u00e7angas (BA), ganharam um parquinho feito pelos nossos colaboradores. A escola tem capacidade para beneficiar 60 crian\u00e7as e adolescentes, entre 7 a 18 anos, da regi\u00e3o. Tamb\u00e9m foi realizada a doa\u00e7\u00e3o de cerca de 40 cestas b\u00e1sicas para a comunidade.<\/p>\n<p>No Rio de Janeiro, criamos uma horta comunit\u00e1ria para a institui\u00e7\u00e3o Resgatando a Inoc\u00eancia, e, no dia 17 de junho, nossos colaboradores retornar\u00e3o ao local para entrega das doa\u00e7\u00f5es arrecadadas pela Companhia.<\/p>\n<p>Tamb\u00e9m realizamos doa\u00e7\u00f5es de cestas b\u00e1sicas para a Associa\u00e7\u00e3o de Melhoramentos do Caminho de Pil\u00f5es, em Cubat\u00e3o (SP), para 60 pessoas da comunidade de Jacar\u00e9, em Cabo Frio (RJ), e para o Centro Esp\u00edrita Fora da Caridade N\u00e3o H\u00e1 Salva\u00e7\u00e3o, que atende diretamente cerca de 15 a 20 fam\u00edlias semanalmente, em Bento Gon\u00e7alves (RS).<\/p>\n<p>A responsabilidade social \u00e9 mais um pilar atrelado aos neg\u00f3cios da MDC. Ficamos imensamente felizes e gratos por poder contar com o envolvimento de todos da Companhia em mais uma a\u00e7\u00e3o de dedica\u00e7\u00e3o ao pr\u00f3ximo.<\/p>\n<p>Confira mais registros e acompanhe a MDC no LinkedIn <a href=\"https:\/\/www.linkedin.com\/feed\/update\/urn:li:activity:7072281188102545408\" target=\"_blank\" rel=\"noopener\">clicando aqui<\/a>.<\/p>","protected":false},"excerpt":{"rendered":"<p>No \u00faltimo s\u00e1bado, 03, realizamos o Dia da Solidariedade 2023 da MDC. A iniciativa social proporcionou uma manh\u00e3 de cuidado, alegria e amor para mais de mil pessoas. E, mais uma vez, o engajamento dos colaboradores da Companhia foi fundamental para o sucesso da a\u00e7\u00e3o! O trabalho social foi realizado em seis cidades nas quais [&hellip;]<\/p>\n","protected":false},"author":17,"featured_media":2961,"comment_status":"closed","ping_status":"closed","sticky":false,"template":"","format":"standard","meta":{"_acf_changed":false,"footnotes":""},"categories":[1],"tags":[122,28,114,71,113,39],"class_list":["post-2960","post","type-post","status-publish","format-standard","has-post-thumbnail","hentry","category-uncategorized","tag-acao","tag-mdc","tag-projeto","tag-projeto-social","tag-social","tag-sustentabilidade"],"acf":[],"yoast_head":"<!-- This site is optimized with the Yoast SEO plugin v27.5 - https:\/\/yoast.com\/product\/yoast-seo-wordpress\/ -->\n<title>Dia solid\u00e1rio \u00e9 realizado por colaboradores da MDC - MDC - Energia - Holding<\/title>\n<meta name=\"description\" content=\"Colaboradores da MDC realizam dia solid\u00e1rio em seis cidades onde a Companhia atua, impactando mais de mil pessoas. Confira detalhes!\" \/>\n<meta name=\"robots\" content=\"index, follow, max-snippet:-1, max-image-preview:large, max-video-preview:-1\" \/>\n<link rel=\"canonical\" href=\"https:\/\/mdcenergia.com.br\/en\/dia-solidario-e-realizado-por-colaboradores-da-mdc\/\" \/>\n<meta property=\"og:locale\" content=\"en_US\" \/>\n<meta property=\"og:type\" content=\"article\" \/>\n<meta property=\"og:title\" content=\"Dia solid\u00e1rio \u00e9 realizado por colaboradores da MDC - MDC - Energia - Holding\" \/>\n<meta property=\"og:description\" content=\"Colaboradores da MDC realizam dia solid\u00e1rio em seis cidades onde a Companhia atua, impactando mais de mil pessoas. Confira detalhes!\" \/>\n<meta property=\"og:url\" content=\"https:\/\/mdcenergia.com.br\/en\/dia-solidario-e-realizado-por-colaboradores-da-mdc\/\" \/>\n<meta property=\"og:site_name\" content=\"MDC - Energia - Holding\" \/>\n<meta property=\"article:published_time\" content=\"2023-06-07T19:51:24+00:00\" \/>\n<meta property=\"og:image\" content=\"https:\/\/mdcenergia.com.br\/wp-content\/uploads\/2023\/06\/Design-sem-nome-80-1024x698.png\" \/>\n\t<meta property=\"og:image:width\" content=\"1024\" \/>\n\t<meta property=\"og:image:height\" content=\"698\" \/>\n\t<meta property=\"og:image:type\" content=\"image\/png\" \/>\n<meta name=\"author\" content=\"mdcenergia\" \/>\n<meta name=\"twitter:card\" content=\"summary_large_image\" \/>\n<meta name=\"twitter:label1\" content=\"Written by\" \/>\n\t<meta name=\"twitter:data1\" content=\"mdcenergia\" \/>\n\t<meta name=\"twitter:label2\" content=\"Est. reading time\" \/>\n\t<meta name=\"twitter:data2\" content=\"2 minutes\" \/>\n<script type=\"application\/ld+json\" class=\"yoast-schema-graph\">{\"@context\":\"https:\\\/\\\/schema.org\",\"@graph\":[{\"@type\":\"Article\",\"@id\":\"https:\\\/\\\/mdcenergia.com.br\\\/dia-solidario-e-realizado-por-colaboradores-da-mdc\\\/#article\",\"isPartOf\":{\"@id\":\"https:\\\/\\\/mdcenergia.com.br\\\/dia-solidario-e-realizado-por-colaboradores-da-mdc\\\/\"},\"author\":{\"name\":\"mdcenergia\",\"@id\":\"https:\\\/\\\/mdcenergia.com.br\\\/#\\\/schema\\\/person\\\/989879fb922d6d03e3eea3802d3fc759\"},\"headline\":\"Dia solid\u00e1rio \u00e9 realizado por colaboradores da MDC\",\"datePublished\":\"2023-06-07T19:51:24+00:00\",\"mainEntityOfPage\":{\"@id\":\"https:\\\/\\\/mdcenergia.com.br\\\/dia-solidario-e-realizado-por-colaboradores-da-mdc\\\/\"},\"wordCount\":407,\"publisher\":{\"@id\":\"https:\\\/\\\/mdcenergia.com.br\\\/#organization\"},\"image\":{\"@id\":\"https:\\\/\\\/mdcenergia.com.br\\\/dia-solidario-e-realizado-por-colaboradores-da-mdc\\\/#primaryimage\"},\"thumbnailUrl\":\"https:\\\/\\\/mdcenergia.com.br\\\/wp-content\\\/uploads\\\/2023\\\/06\\\/Design-sem-nome-80.png\",\"keywords\":[\"A\u00e7\u00e3o\",\"MDC\",\"Projeto\",\"Projeto Social\",\"Social\",\"Sustentabilidade\"],\"inLanguage\":\"en-US\"},{\"@type\":\"WebPage\",\"@id\":\"https:\\\/\\\/mdcenergia.com.br\\\/dia-solidario-e-realizado-por-colaboradores-da-mdc\\\/\",\"url\":\"https:\\\/\\\/mdcenergia.com.br\\\/dia-solidario-e-realizado-por-colaboradores-da-mdc\\\/\",\"name\":\"Dia solid\u00e1rio \u00e9 realizado por colaboradores da MDC - MDC - Energia - Holding\",\"isPartOf\":{\"@id\":\"https:\\\/\\\/mdcenergia.com.br\\\/#website\"},\"primaryImageOfPage\":{\"@id\":\"https:\\\/\\\/mdcenergia.com.br\\\/dia-solidario-e-realizado-por-colaboradores-da-mdc\\\/#primaryimage\"},\"image\":{\"@id\":\"https:\\\/\\\/mdcenergia.com.br\\\/dia-solidario-e-realizado-por-colaboradores-da-mdc\\\/#primaryimage\"},\"thumbnailUrl\":\"https:\\\/\\\/mdcenergia.com.br\\\/wp-content\\\/uploads\\\/2023\\\/06\\\/Design-sem-nome-80.png\",\"datePublished\":\"2023-06-07T19:51:24+00:00\",\"description\":\"Colaboradores da MDC realizam dia solid\u00e1rio em seis cidades onde a Companhia atua, impactando mais de mil pessoas. Confira detalhes!\",\"breadcrumb\":{\"@id\":\"https:\\\/\\\/mdcenergia.com.br\\\/dia-solidario-e-realizado-por-colaboradores-da-mdc\\\/#breadcrumb\"},\"inLanguage\":\"en-US\",\"potentialAction\":[{\"@type\":\"ReadAction\",\"target\":[\"https:\\\/\\\/mdcenergia.com.br\\\/dia-solidario-e-realizado-por-colaboradores-da-mdc\\\/\"]}]},{\"@type\":\"ImageObject\",\"inLanguage\":\"en-US\",\"@id\":\"https:\\\/\\\/mdcenergia.com.br\\\/dia-solidario-e-realizado-por-colaboradores-da-mdc\\\/#primaryimage\",\"url\":\"https:\\\/\\\/mdcenergia.com.br\\\/wp-content\\\/uploads\\\/2023\\\/06\\\/Design-sem-nome-80.png\",\"contentUrl\":\"https:\\\/\\\/mdcenergia.com.br\\\/wp-content\\\/uploads\\\/2023\\\/06\\\/Design-sem-nome-80.png\",\"width\":2000,\"height\":1364,\"caption\":\"Colaboradores volunt\u00e1rios realizaram a\u00e7\u00e3o social em seis cidades onde a MDC atua\"},{\"@type\":\"BreadcrumbList\",\"@id\":\"https:\\\/\\\/mdcenergia.com.br\\\/dia-solidario-e-realizado-por-colaboradores-da-mdc\\\/#breadcrumb\",\"itemListElement\":[{\"@type\":\"ListItem\",\"position\":1,\"name\":\"In\u00edcio\",\"item\":\"https:\\\/\\\/mdcenergia.com.br\\\/\"},{\"@type\":\"ListItem\",\"position\":2,\"name\":\"Dia solid\u00e1rio \u00e9 realizado por colaboradores da MDC\"}]},{\"@type\":\"WebSite\",\"@id\":\"https:\\\/\\\/mdcenergia.com.br\\\/#website\",\"url\":\"https:\\\/\\\/mdcenergia.com.br\\\/\",\"name\":\"MDC - Energia - Holding\",\"description\":\"\",\"publisher\":{\"@id\":\"https:\\\/\\\/mdcenergia.com.br\\\/#organization\"},\"potentialAction\":[{\"@type\":\"SearchAction\",\"target\":{\"@type\":\"EntryPoint\",\"urlTemplate\":\"https:\\\/\\\/mdcenergia.com.br\\\/?s={search_term_string}\"},\"query-input\":{\"@type\":\"PropertyValueSpecification\",\"valueRequired\":true,\"valueName\":\"search_term_string\"}}],\"inLanguage\":\"en-US\"},{\"@type\":\"Organization\",\"@id\":\"https:\\\/\\\/mdcenergia.com.br\\\/#organization\",\"name\":\"MDC - Energia - Holding\",\"url\":\"https:\\\/\\\/mdcenergia.com.br\\\/\",\"logo\":{\"@type\":\"ImageObject\",\"inLanguage\":\"en-US\",\"@id\":\"https:\\\/\\\/mdcenergia.com.br\\\/#\\\/schema\\\/logo\\\/image\\\/\",\"url\":\"https:\\\/\\\/mdcenergia.com.br\\\/wp-content\\\/uploads\\\/2020\\\/02\\\/MDC_RGB_Horizontal_Tagline_Negativo.png\",\"contentUrl\":\"https:\\\/\\\/mdcenergia.com.br\\\/wp-content\\\/uploads\\\/2020\\\/02\\\/MDC_RGB_Horizontal_Tagline_Negativo.png\",\"width\":2194,\"height\":1212,\"caption\":\"MDC - Energia - Holding\"},\"image\":{\"@id\":\"https:\\\/\\\/mdcenergia.com.br\\\/#\\\/schema\\\/logo\\\/image\\\/\"}},{\"@type\":\"Person\",\"@id\":\"https:\\\/\\\/mdcenergia.com.br\\\/#\\\/schema\\\/person\\\/989879fb922d6d03e3eea3802d3fc759\",\"name\":\"mdcenergia\",\"url\":\"https:\\\/\\\/mdcenergia.com.br\\\/en\\\/author\\\/mdcenergia\\\/\"}]}<\/script>\n<!-- \/ Yoast SEO plugin. -->","yoast_head_json":{"title":"Dia solid\u00e1rio \u00e9 realizado por colaboradores da MDC - MDC - Energia - Holding","description":"Colaboradores da MDC realizam dia solid\u00e1rio em seis cidades onde a Companhia atua, impactando mais de mil pessoas. Confira detalhes!","robots":{"index":"index","follow":"follow","max-snippet":"max-snippet:-1","max-image-preview":"max-image-preview:large","max-video-preview":"max-video-preview:-1"},"canonical":"https:\/\/mdcenergia.com.br\/en\/dia-solidario-e-realizado-por-colaboradores-da-mdc\/","og_locale":"en_US","og_type":"article","og_title":"Dia solid\u00e1rio \u00e9 realizado por colaboradores da MDC - MDC - Energia - Holding","og_description":"Colaboradores da MDC realizam dia solid\u00e1rio em seis cidades onde a Companhia atua, impactando mais de mil pessoas. Confira detalhes!","og_url":"https:\/\/mdcenergia.com.br\/en\/dia-solidario-e-realizado-por-colaboradores-da-mdc\/","og_site_name":"MDC - Energia - Holding","article_published_time":"2023-06-07T19:51:24+00:00","og_image":[{"width":1024,"height":698,"url":"https:\/\/mdcenergia.com.br\/wp-content\/uploads\/2023\/06\/Design-sem-nome-80-1024x698.png","type":"image\/png"}],"author":"mdcenergia","twitter_card":"summary_large_image","twitter_misc":{"Written by":"mdcenergia","Est. reading time":"2 minutes"},"schema":{"@context":"https:\/\/schema.org","@graph":[{"@type":"Article","@id":"https:\/\/mdcenergia.com.br\/dia-solidario-e-realizado-por-colaboradores-da-mdc\/#article","isPartOf":{"@id":"https:\/\/mdcenergia.com.br\/dia-solidario-e-realizado-por-colaboradores-da-mdc\/"},"author":{"name":"mdcenergia","@id":"https:\/\/mdcenergia.com.br\/#\/schema\/person\/989879fb922d6d03e3eea3802d3fc759"},"headline":"Dia solid\u00e1rio \u00e9 realizado por colaboradores da MDC","datePublished":"2023-06-07T19:51:24+00:00","mainEntityOfPage":{"@id":"https:\/\/mdcenergia.com.br\/dia-solidario-e-realizado-por-colaboradores-da-mdc\/"},"wordCount":407,"publisher":{"@id":"https:\/\/mdcenergia.com.br\/#organization"},"image":{"@id":"https:\/\/mdcenergia.com.br\/dia-solidario-e-realizado-por-colaboradores-da-mdc\/#primaryimage"},"thumbnailUrl":"https:\/\/mdcenergia.com.br\/wp-content\/uploads\/2023\/06\/Design-sem-nome-80.png","keywords":["A\u00e7\u00e3o","MDC","Projeto","Projeto Social","Social","Sustentabilidade"],"inLanguage":"en-US"},{"@type":"WebPage","@id":"https:\/\/mdcenergia.com.br\/dia-solidario-e-realizado-por-colaboradores-da-mdc\/","url":"https:\/\/mdcenergia.com.br\/dia-solidario-e-realizado-por-colaboradores-da-mdc\/","name":"Dia solid\u00e1rio \u00e9 realizado por colaboradores da MDC - MDC - Energia - Holding","isPartOf":{"@id":"https:\/\/mdcenergia.com.br\/#website"},"primaryImageOfPage":{"@id":"https:\/\/mdcenergia.com.br\/dia-solidario-e-realizado-por-colaboradores-da-mdc\/#primaryimage"},"image":{"@id":"https:\/\/mdcenergia.com.br\/dia-solidario-e-realizado-por-colaboradores-da-mdc\/#primaryimage"},"thumbnailUrl":"https:\/\/mdcenergia.com.br\/wp-content\/uploads\/2023\/06\/Design-sem-nome-80.png","datePublished":"2023-06-07T19:51:24+00:00","description":"Colaboradores da MDC realizam dia solid\u00e1rio em seis cidades onde a Companhia atua, impactando mais de mil pessoas. Confira detalhes!","breadcrumb":{"@id":"https:\/\/mdcenergia.com.br\/dia-solidario-e-realizado-por-colaboradores-da-mdc\/#breadcrumb"},"inLanguage":"en-US","potentialAction":[{"@type":"ReadAction","target":["https:\/\/mdcenergia.com.br\/dia-solidario-e-realizado-por-colaboradores-da-mdc\/"]}]},{"@type":"ImageObject","inLanguage":"en-US","@id":"https:\/\/mdcenergia.com.br\/dia-solidario-e-realizado-por-colaboradores-da-mdc\/#primaryimage","url":"https:\/\/mdcenergia.com.br\/wp-content\/uploads\/2023\/06\/Design-sem-nome-80.png","contentUrl":"https:\/\/mdcenergia.com.br\/wp-content\/uploads\/2023\/06\/Design-sem-nome-80.png","width":2000,"height":1364,"caption":"Colaboradores volunt\u00e1rios realizaram a\u00e7\u00e3o social em seis cidades onde a MDC atua"},{"@type":"BreadcrumbList","@id":"https:\/\/mdcenergia.com.br\/dia-solidario-e-realizado-por-colaboradores-da-mdc\/#breadcrumb","itemListElement":[{"@type":"ListItem","position":1,"name":"In\u00edcio","item":"https:\/\/mdcenergia.com.br\/"},{"@type":"ListItem","position":2,"name":"Dia solid\u00e1rio \u00e9 realizado por colaboradores da MDC"}]},{"@type":"WebSite","@id":"https:\/\/mdcenergia.com.br\/#website","url":"https:\/\/mdcenergia.com.br\/","name":"MDC - Energia - Holding","description":"","publisher":{"@id":"https:\/\/mdcenergia.com.br\/#organization"},"potentialAction":[{"@type":"SearchAction","target":{"@type":"EntryPoint","urlTemplate":"https:\/\/mdcenergia.com.br\/?s={search_term_string}"},"query-input":{"@type":"PropertyValueSpecification","valueRequired":true,"valueName":"search_term_string"}}],"inLanguage":"en-US"},{"@type":"Organization","@id":"https:\/\/mdcenergia.com.br\/#organization","name":"MDC - Energia - Holding","url":"https:\/\/mdcenergia.com.br\/","logo":{"@type":"ImageObject","inLanguage":"en-US","@id":"https:\/\/mdcenergia.com.br\/#\/schema\/logo\/image\/","url":"https:\/\/mdcenergia.com.br\/wp-content\/uploads\/2020\/02\/MDC_RGB_Horizontal_Tagline_Negativo.png","contentUrl":"https:\/\/mdcenergia.com.br\/wp-content\/uploads\/2020\/02\/MDC_RGB_Horizontal_Tagline_Negativo.png","width":2194,"height":1212,"caption":"MDC - Energia - Holding"},"image":{"@id":"https:\/\/mdcenergia.com.br\/#\/schema\/logo\/image\/"}},{"@type":"Person","@id":"https:\/\/mdcenergia.com.br\/#\/schema\/person\/989879fb922d6d03e3eea3802d3fc759","name":"mdcenergia","url":"https:\/\/mdcenergia.com.br\/en\/author\/mdcenergia\/"}]}},"_links":{"self":[{"href":"https:\/\/mdcenergia.com.br\/en\/wp-json\/wp\/v2\/posts\/2960","targetHints":{"allow":["GET"]}}],"collection":[{"href":"https:\/\/mdcenergia.com.br\/en\/wp-json\/wp\/v2\/posts"}],"about":[{"href":"https:\/\/mdcenergia.com.br\/en\/wp-json\/wp\/v2\/types\/post"}],"author":[{"embeddable":true,"href":"https:\/\/mdcenergia.com.br\/en\/wp-json\/wp\/v2\/users\/17"}],"replies":[{"embeddable":true,"href":"https:\/\/mdcenergia.com.br\/en\/wp-json\/wp\/v2\/comments?post=2960"}],"version-history":[{"count":1,"href":"https:\/\/mdcenergia.com.br\/en\/wp-json\/wp\/v2\/posts\/2960\/revisions"}],"predecessor-version":[{"id":2962,"href":"https:\/\/mdcenergia.com.br\/en\/wp-json\/wp\/v2\/posts\/2960\/revisions\/2962"}],"wp:featuredmedia":[{"embeddable":true,"href":"https:\/\/mdcenergia.com.br\/en\/wp-json\/wp\/v2\/media\/2961"}],"wp:attachment":[{"href":"https:\/\/mdcenergia.com.br\/en\/wp-json\/wp\/v2\/media?parent=2960"}],"wp:term":[{"taxonomy":"category","embeddable":true,"href":"https:\/\/mdcenergia.com.br\/en\/wp-json\/wp\/v2\/categories?post=2960"},{"taxonomy":"post_tag","embeddable":true,"href":"https:\/\/mdcenergia.com.br\/en\/wp-json\/wp\/v2\/tags?post=2960"}],"curies":[{"name":"wp","href":"https:\/\/api.w.org\/{rel}","templated":true}]}}