{"id":2965,"date":"2023-06-13T11:10:46","date_gmt":"2023-06-13T14:10:46","guid":{"rendered":"https:\/\/mdcenergia.com.br\/?p=2965"},"modified":"2023-06-13T11:10:46","modified_gmt":"2023-06-13T14:10:46","slug":"projeto-social-da-mdc-e-destaque-na-imprensa","status":"publish","type":"post","link":"https:\/\/mdcenergia.com.br\/en\/projeto-social-da-mdc-e-destaque-na-imprensa\/","title":{"rendered":"Projeto social da MDC \u00e9 destaque na imprensa"},"content":{"rendered":"<p>Nosso projeto social Del\u00edcias de Caboto foi destaque na imprensa nos \u00faltimos dias!<\/p>\n<figure id=\"attachment_2966\" aria-describedby=\"caption-attachment-2966\" style=\"width: 392px\" class=\"wp-caption alignleft\"><img fetchpriority=\"high\" decoding=\"async\" class=\"wp-image-2966\" src=\"https:\/\/mdcenergia.com.br\/wp-content\/uploads\/2023\/06\/IMG_9474-300x200.jpg\" alt=\"Projeto social de gera\u00e7\u00e3o da renda da MDC, o Del\u00edcias de Caboto foi destaque na imprensa.\" width=\"392\" height=\"261\" srcset=\"https:\/\/mdcenergia.com.br\/wp-content\/uploads\/2023\/06\/IMG_9474-300x200.jpg 300w, https:\/\/mdcenergia.com.br\/wp-content\/uploads\/2023\/06\/IMG_9474-1024x683.jpg 1024w, https:\/\/mdcenergia.com.br\/wp-content\/uploads\/2023\/06\/IMG_9474-768x512.jpg 768w, https:\/\/mdcenergia.com.br\/wp-content\/uploads\/2023\/06\/IMG_9474-1536x1024.jpg 1536w, https:\/\/mdcenergia.com.br\/wp-content\/uploads\/2023\/06\/IMG_9474-18x12.jpg 18w, https:\/\/mdcenergia.com.br\/wp-content\/uploads\/2023\/06\/IMG_9474.jpg 1920w\" sizes=\"(max-width: 392px) 100vw, 392px\" \/><figcaption id=\"caption-attachment-2966\" class=\"wp-caption-text\">Projeto social de gera\u00e7\u00e3o da renda da MDC, o Del\u00edcias de Caboto foi destaque na imprensa.<\/figcaption><\/figure>\n<p>Composto por mulheres em situa\u00e7\u00e3o de vulnerabilidade social de Caboto (Candeias \u2013 BA), o grupo produtivo participou de <a href=\"https:\/\/aratuon.com.br\/especiais\/2023-06-01\/delicias-caboto-mulheres\/\" target=\"_blank\" rel=\"noopener\">mat\u00e9rias no portal AratuOn<\/a> e TV Aratu, filiada do SBT na Bahia (v\u00eddeo abaixo).<\/p>\n<p>Nas reportagens, as mulheres do projeto tiveram a oportunidade de compartilhar suas hist\u00f3rias de vida e as adversidades vivenciadas durante a pandemia, como tamb\u00e9m o processo de consolida\u00e7\u00e3o enquanto grupo produtivo.<\/p>\n<p>\u201cO projeto tem ajudado as mulheres que tem garra a se destacarem no empreendedorismo feminino, causando tamb\u00e9m o benef\u00edcio de nos tornar independentes financeiramente, que foi o prop\u00f3sito inicial\u201d, contou Adriele Vieira, uma das participantes do projeto.<\/p>\n<p>O projeto surgiu durante a pandemia de Covid-19, fruto de uma parceria entre a MDC, ERB e os Institutos Phi e Alian\u00e7a.<\/p>\n<p>\u201cUm dos nossos prop\u00f3sitos tamb\u00e9m \u00e9 impactar a nossa comunidade, gerar renda para outras fam\u00edlias e para outras mulheres. Mostrar que elas n\u00e3o precisam sair de Caboto para trabalhar, que possam aqui mesmo ter essa oportunidade de gerar a sua renda, arcar com as suas despesas. A gente sabe, n\u00e9, como \u00e9 dif\u00edcil. Se a gente puder dar essa oportunidade \u00e0s mulheres daqui da comunidade, \u00e9 mais um objetivo cumprido. A gente \u00e9 um grupo de mulheres, guerreiras, lutadoras, sonhadoras. Desde o in\u00edcio, a gente sempre teve esse foco, a gente sabia onde queria chegar\u201d, relatou Lilian Brito, integrante do Del\u00edcias de Caboto.<\/p>\n<p><strong><em>Confira o v\u00eddeo da mat\u00e9ria publicada pela TV Aratu:<\/em><\/strong><\/p>\n<p><center><iframe title=\"YouTube video player\" src=\"https:\/\/www.youtube.com\/embed\/ldmk9Y-BSeM\" width=\"560\" height=\"315\" frameborder=\"0\" allowfullscreen=\"allowfullscreen\"><\/iframe><\/center><em>Confira abaixo os pontos de venda do Del\u00edcias de Caboto:<\/em><\/p>\n<p><em><strong>Loja Del\u00edcias de Caboto<\/strong>\u00a0\u2013 Rua dos Mission\u00e1rios, 67, Centro, Caboto, Candeias<\/em><br \/>\n<em><strong>Restaurante S\u00e3o Roque<\/strong>\u00a0\u2013 Rua dos Mission\u00e1rios, Caboto, Candeias<\/em><br \/>\n<em><strong>Loja do Cesol no Salvador Shopping<\/strong>\u00a0\u2013 Avenida Tancredo Neves, 3133, Loja 4006, Piso G2, Caminho das \u00c1rvores, Salvador<\/em><\/p>","protected":false},"excerpt":{"rendered":"<p>Nosso projeto social Del\u00edcias de Caboto foi destaque na imprensa nos \u00faltimos dias! Composto por mulheres em situa\u00e7\u00e3o de vulnerabilidade social de Caboto (Candeias \u2013 BA), o grupo produtivo participou de mat\u00e9rias no portal AratuOn e TV Aratu, filiada do SBT na Bahia (v\u00eddeo abaixo). Nas reportagens, as mulheres do projeto tiveram a oportunidade de [&hellip;]<\/p>\n","protected":false},"author":17,"featured_media":2966,"comment_status":"closed","ping_status":"closed","sticky":false,"template":"","format":"standard","meta":{"_acf_changed":false,"footnotes":""},"categories":[1],"tags":[29,28,30,71,113,39],"class_list":["post-2965","post","type-post","status-publish","format-standard","has-post-thumbnail","hentry","category-uncategorized","tag-energia","tag-mdc","tag-mdc-energia","tag-projeto-social","tag-social","tag-sustentabilidade"],"acf":[],"yoast_head":"<!-- This site is optimized with the Yoast SEO plugin v27.5 - https:\/\/yoast.com\/product\/yoast-seo-wordpress\/ -->\n<title>Projeto social da MDC \u00e9 destaque na imprensa - MDC - Energia - Holding<\/title>\n<meta name=\"description\" content=\"Del\u00edcias de Caboto, projeto social de gera\u00e7\u00e3o de renda da MDC, \u00e9 destaque em reportagens que contam a hist\u00f3ria das mulheres participantes.\" \/>\n<meta name=\"robots\" content=\"index, follow, max-snippet:-1, max-image-preview:large, max-video-preview:-1\" \/>\n<link rel=\"canonical\" href=\"https:\/\/mdcenergia.com.br\/en\/projeto-social-da-mdc-e-destaque-na-imprensa\/\" \/>\n<meta property=\"og:locale\" content=\"en_US\" \/>\n<meta property=\"og:type\" content=\"article\" \/>\n<meta property=\"og:title\" content=\"Projeto social da MDC \u00e9 destaque na imprensa - MDC - Energia - Holding\" \/>\n<meta property=\"og:description\" content=\"Del\u00edcias de Caboto, projeto social de gera\u00e7\u00e3o de renda da MDC, \u00e9 destaque em reportagens que contam a hist\u00f3ria das mulheres participantes.\" \/>\n<meta property=\"og:url\" content=\"https:\/\/mdcenergia.com.br\/en\/projeto-social-da-mdc-e-destaque-na-imprensa\/\" \/>\n<meta property=\"og:site_name\" content=\"MDC - Energia - Holding\" \/>\n<meta property=\"article:published_time\" content=\"2023-06-13T14:10:46+00:00\" \/>\n<meta property=\"og:image\" content=\"https:\/\/mdcenergia.com.br\/wp-content\/uploads\/2023\/06\/IMG_9474.jpg\" \/>\n\t<meta property=\"og:image:width\" content=\"1920\" \/>\n\t<meta property=\"og:image:height\" content=\"1280\" \/>\n\t<meta property=\"og:image:type\" content=\"image\/jpeg\" \/>\n<meta name=\"author\" content=\"mdcenergia\" \/>\n<meta name=\"twitter:card\" content=\"summary_large_image\" \/>\n<meta name=\"twitter:label1\" content=\"Written by\" \/>\n\t<meta name=\"twitter:data1\" content=\"mdcenergia\" \/>\n\t<meta name=\"twitter:label2\" content=\"Est. reading time\" \/>\n\t<meta name=\"twitter:data2\" content=\"2 minutes\" \/>\n<script type=\"application\/ld+json\" class=\"yoast-schema-graph\">{\"@context\":\"https:\\\/\\\/schema.org\",\"@graph\":[{\"@type\":\"Article\",\"@id\":\"https:\\\/\\\/mdcenergia.com.br\\\/projeto-social-da-mdc-e-destaque-na-imprensa\\\/#article\",\"isPartOf\":{\"@id\":\"https:\\\/\\\/mdcenergia.com.br\\\/projeto-social-da-mdc-e-destaque-na-imprensa\\\/\"},\"author\":{\"name\":\"mdcenergia\",\"@id\":\"https:\\\/\\\/mdcenergia.com.br\\\/#\\\/schema\\\/person\\\/989879fb922d6d03e3eea3802d3fc759\"},\"headline\":\"Projeto social da MDC \u00e9 destaque na imprensa\",\"datePublished\":\"2023-06-13T14:10:46+00:00\",\"mainEntityOfPage\":{\"@id\":\"https:\\\/\\\/mdcenergia.com.br\\\/projeto-social-da-mdc-e-destaque-na-imprensa\\\/\"},\"wordCount\":343,\"publisher\":{\"@id\":\"https:\\\/\\\/mdcenergia.com.br\\\/#organization\"},\"image\":{\"@id\":\"https:\\\/\\\/mdcenergia.com.br\\\/projeto-social-da-mdc-e-destaque-na-imprensa\\\/#primaryimage\"},\"thumbnailUrl\":\"https:\\\/\\\/mdcenergia.com.br\\\/wp-content\\\/uploads\\\/2023\\\/06\\\/IMG_9474.jpg\",\"keywords\":[\"Energia\",\"MDC\",\"MDC Energia\",\"Projeto Social\",\"Social\",\"Sustentabilidade\"],\"inLanguage\":\"en-US\"},{\"@type\":\"WebPage\",\"@id\":\"https:\\\/\\\/mdcenergia.com.br\\\/projeto-social-da-mdc-e-destaque-na-imprensa\\\/\",\"url\":\"https:\\\/\\\/mdcenergia.com.br\\\/projeto-social-da-mdc-e-destaque-na-imprensa\\\/\",\"name\":\"Projeto social da MDC \u00e9 destaque na imprensa - MDC - Energia - Holding\",\"isPartOf\":{\"@id\":\"https:\\\/\\\/mdcenergia.com.br\\\/#website\"},\"primaryImageOfPage\":{\"@id\":\"https:\\\/\\\/mdcenergia.com.br\\\/projeto-social-da-mdc-e-destaque-na-imprensa\\\/#primaryimage\"},\"image\":{\"@id\":\"https:\\\/\\\/mdcenergia.com.br\\\/projeto-social-da-mdc-e-destaque-na-imprensa\\\/#primaryimage\"},\"thumbnailUrl\":\"https:\\\/\\\/mdcenergia.com.br\\\/wp-content\\\/uploads\\\/2023\\\/06\\\/IMG_9474.jpg\",\"datePublished\":\"2023-06-13T14:10:46+00:00\",\"description\":\"Del\u00edcias de Caboto, projeto social de gera\u00e7\u00e3o de renda da MDC, \u00e9 destaque em reportagens que contam a hist\u00f3ria das mulheres participantes.\",\"breadcrumb\":{\"@id\":\"https:\\\/\\\/mdcenergia.com.br\\\/projeto-social-da-mdc-e-destaque-na-imprensa\\\/#breadcrumb\"},\"inLanguage\":\"en-US\",\"potentialAction\":[{\"@type\":\"ReadAction\",\"target\":[\"https:\\\/\\\/mdcenergia.com.br\\\/projeto-social-da-mdc-e-destaque-na-imprensa\\\/\"]}]},{\"@type\":\"ImageObject\",\"inLanguage\":\"en-US\",\"@id\":\"https:\\\/\\\/mdcenergia.com.br\\\/projeto-social-da-mdc-e-destaque-na-imprensa\\\/#primaryimage\",\"url\":\"https:\\\/\\\/mdcenergia.com.br\\\/wp-content\\\/uploads\\\/2023\\\/06\\\/IMG_9474.jpg\",\"contentUrl\":\"https:\\\/\\\/mdcenergia.com.br\\\/wp-content\\\/uploads\\\/2023\\\/06\\\/IMG_9474.jpg\",\"width\":1920,\"height\":1280,\"caption\":\"Projeto social de gera\u00e7\u00e3o da renda da MDC, o Del\u00edcias de Caboto foi destaque na imprensa.\"},{\"@type\":\"BreadcrumbList\",\"@id\":\"https:\\\/\\\/mdcenergia.com.br\\\/projeto-social-da-mdc-e-destaque-na-imprensa\\\/#breadcrumb\",\"itemListElement\":[{\"@type\":\"ListItem\",\"position\":1,\"name\":\"In\u00edcio\",\"item\":\"https:\\\/\\\/mdcenergia.com.br\\\/\"},{\"@type\":\"ListItem\",\"position\":2,\"name\":\"Projeto social da MDC \u00e9 destaque na imprensa\"}]},{\"@type\":\"WebSite\",\"@id\":\"https:\\\/\\\/mdcenergia.com.br\\\/#website\",\"url\":\"https:\\\/\\\/mdcenergia.com.br\\\/\",\"name\":\"MDC - Energia - Holding\",\"description\":\"\",\"publisher\":{\"@id\":\"https:\\\/\\\/mdcenergia.com.br\\\/#organization\"},\"potentialAction\":[{\"@type\":\"SearchAction\",\"target\":{\"@type\":\"EntryPoint\",\"urlTemplate\":\"https:\\\/\\\/mdcenergia.com.br\\\/?s={search_term_string}\"},\"query-input\":{\"@type\":\"PropertyValueSpecification\",\"valueRequired\":true,\"valueName\":\"search_term_string\"}}],\"inLanguage\":\"en-US\"},{\"@type\":\"Organization\",\"@id\":\"https:\\\/\\\/mdcenergia.com.br\\\/#organization\",\"name\":\"MDC - Energia - Holding\",\"url\":\"https:\\\/\\\/mdcenergia.com.br\\\/\",\"logo\":{\"@type\":\"ImageObject\",\"inLanguage\":\"en-US\",\"@id\":\"https:\\\/\\\/mdcenergia.com.br\\\/#\\\/schema\\\/logo\\\/image\\\/\",\"url\":\"https:\\\/\\\/mdcenergia.com.br\\\/wp-content\\\/uploads\\\/2020\\\/02\\\/MDC_RGB_Horizontal_Tagline_Negativo.png\",\"contentUrl\":\"https:\\\/\\\/mdcenergia.com.br\\\/wp-content\\\/uploads\\\/2020\\\/02\\\/MDC_RGB_Horizontal_Tagline_Negativo.png\",\"width\":2194,\"height\":1212,\"caption\":\"MDC - Energia - Holding\"},\"image\":{\"@id\":\"https:\\\/\\\/mdcenergia.com.br\\\/#\\\/schema\\\/logo\\\/image\\\/\"}},{\"@type\":\"Person\",\"@id\":\"https:\\\/\\\/mdcenergia.com.br\\\/#\\\/schema\\\/person\\\/989879fb922d6d03e3eea3802d3fc759\",\"name\":\"mdcenergia\",\"url\":\"https:\\\/\\\/mdcenergia.com.br\\\/en\\\/author\\\/mdcenergia\\\/\"}]}<\/script>\n<!-- \/ Yoast SEO plugin. -->","yoast_head_json":{"title":"Projeto social da MDC \u00e9 destaque na imprensa - MDC - Energia - Holding","description":"Del\u00edcias de Caboto, projeto social de gera\u00e7\u00e3o de renda da MDC, \u00e9 destaque em reportagens que contam a hist\u00f3ria das mulheres participantes.","robots":{"index":"index","follow":"follow","max-snippet":"max-snippet:-1","max-image-preview":"max-image-preview:large","max-video-preview":"max-video-preview:-1"},"canonical":"https:\/\/mdcenergia.com.br\/en\/projeto-social-da-mdc-e-destaque-na-imprensa\/","og_locale":"en_US","og_type":"article","og_title":"Projeto social da MDC \u00e9 destaque na imprensa - MDC - Energia - Holding","og_description":"Del\u00edcias de Caboto, projeto social de gera\u00e7\u00e3o de renda da MDC, \u00e9 destaque em reportagens que contam a hist\u00f3ria das mulheres participantes.","og_url":"https:\/\/mdcenergia.com.br\/en\/projeto-social-da-mdc-e-destaque-na-imprensa\/","og_site_name":"MDC - Energia - Holding","article_published_time":"2023-06-13T14:10:46+00:00","og_image":[{"width":1920,"height":1280,"url":"https:\/\/mdcenergia.com.br\/wp-content\/uploads\/2023\/06\/IMG_9474.jpg","type":"image\/jpeg"}],"author":"mdcenergia","twitter_card":"summary_large_image","twitter_misc":{"Written by":"mdcenergia","Est. reading time":"2 minutes"},"schema":{"@context":"https:\/\/schema.org","@graph":[{"@type":"Article","@id":"https:\/\/mdcenergia.com.br\/projeto-social-da-mdc-e-destaque-na-imprensa\/#article","isPartOf":{"@id":"https:\/\/mdcenergia.com.br\/projeto-social-da-mdc-e-destaque-na-imprensa\/"},"author":{"name":"mdcenergia","@id":"https:\/\/mdcenergia.com.br\/#\/schema\/person\/989879fb922d6d03e3eea3802d3fc759"},"headline":"Projeto social da MDC \u00e9 destaque na imprensa","datePublished":"2023-06-13T14:10:46+00:00","mainEntityOfPage":{"@id":"https:\/\/mdcenergia.com.br\/projeto-social-da-mdc-e-destaque-na-imprensa\/"},"wordCount":343,"publisher":{"@id":"https:\/\/mdcenergia.com.br\/#organization"},"image":{"@id":"https:\/\/mdcenergia.com.br\/projeto-social-da-mdc-e-destaque-na-imprensa\/#primaryimage"},"thumbnailUrl":"https:\/\/mdcenergia.com.br\/wp-content\/uploads\/2023\/06\/IMG_9474.jpg","keywords":["Energia","MDC","MDC Energia","Projeto Social","Social","Sustentabilidade"],"inLanguage":"en-US"},{"@type":"WebPage","@id":"https:\/\/mdcenergia.com.br\/projeto-social-da-mdc-e-destaque-na-imprensa\/","url":"https:\/\/mdcenergia.com.br\/projeto-social-da-mdc-e-destaque-na-imprensa\/","name":"Projeto social da MDC \u00e9 destaque na imprensa - MDC - Energia - Holding","isPartOf":{"@id":"https:\/\/mdcenergia.com.br\/#website"},"primaryImageOfPage":{"@id":"https:\/\/mdcenergia.com.br\/projeto-social-da-mdc-e-destaque-na-imprensa\/#primaryimage"},"image":{"@id":"https:\/\/mdcenergia.com.br\/projeto-social-da-mdc-e-destaque-na-imprensa\/#primaryimage"},"thumbnailUrl":"https:\/\/mdcenergia.com.br\/wp-content\/uploads\/2023\/06\/IMG_9474.jpg","datePublished":"2023-06-13T14:10:46+00:00","description":"Del\u00edcias de Caboto, projeto social de gera\u00e7\u00e3o de renda da MDC, \u00e9 destaque em reportagens que contam a hist\u00f3ria das mulheres participantes.","breadcrumb":{"@id":"https:\/\/mdcenergia.com.br\/projeto-social-da-mdc-e-destaque-na-imprensa\/#breadcrumb"},"inLanguage":"en-US","potentialAction":[{"@type":"ReadAction","target":["https:\/\/mdcenergia.com.br\/projeto-social-da-mdc-e-destaque-na-imprensa\/"]}]},{"@type":"ImageObject","inLanguage":"en-US","@id":"https:\/\/mdcenergia.com.br\/projeto-social-da-mdc-e-destaque-na-imprensa\/#primaryimage","url":"https:\/\/mdcenergia.com.br\/wp-content\/uploads\/2023\/06\/IMG_9474.jpg","contentUrl":"https:\/\/mdcenergia.com.br\/wp-content\/uploads\/2023\/06\/IMG_9474.jpg","width":1920,"height":1280,"caption":"Projeto social de gera\u00e7\u00e3o da renda da MDC, o Del\u00edcias de Caboto foi destaque na imprensa."},{"@type":"BreadcrumbList","@id":"https:\/\/mdcenergia.com.br\/projeto-social-da-mdc-e-destaque-na-imprensa\/#breadcrumb","itemListElement":[{"@type":"ListItem","position":1,"name":"In\u00edcio","item":"https:\/\/mdcenergia.com.br\/"},{"@type":"ListItem","position":2,"name":"Projeto social da MDC \u00e9 destaque na imprensa"}]},{"@type":"WebSite","@id":"https:\/\/mdcenergia.com.br\/#website","url":"https:\/\/mdcenergia.com.br\/","name":"MDC - Energia - Holding","description":"","publisher":{"@id":"https:\/\/mdcenergia.com.br\/#organization"},"potentialAction":[{"@type":"SearchAction","target":{"@type":"EntryPoint","urlTemplate":"https:\/\/mdcenergia.com.br\/?s={search_term_string}"},"query-input":{"@type":"PropertyValueSpecification","valueRequired":true,"valueName":"search_term_string"}}],"inLanguage":"en-US"},{"@type":"Organization","@id":"https:\/\/mdcenergia.com.br\/#organization","name":"MDC - Energia - Holding","url":"https:\/\/mdcenergia.com.br\/","logo":{"@type":"ImageObject","inLanguage":"en-US","@id":"https:\/\/mdcenergia.com.br\/#\/schema\/logo\/image\/","url":"https:\/\/mdcenergia.com.br\/wp-content\/uploads\/2020\/02\/MDC_RGB_Horizontal_Tagline_Negativo.png","contentUrl":"https:\/\/mdcenergia.com.br\/wp-content\/uploads\/2020\/02\/MDC_RGB_Horizontal_Tagline_Negativo.png","width":2194,"height":1212,"caption":"MDC - Energia - Holding"},"image":{"@id":"https:\/\/mdcenergia.com.br\/#\/schema\/logo\/image\/"}},{"@type":"Person","@id":"https:\/\/mdcenergia.com.br\/#\/schema\/person\/989879fb922d6d03e3eea3802d3fc759","name":"mdcenergia","url":"https:\/\/mdcenergia.com.br\/en\/author\/mdcenergia\/"}]}},"_links":{"self":[{"href":"https:\/\/mdcenergia.com.br\/en\/wp-json\/wp\/v2\/posts\/2965","targetHints":{"allow":["GET"]}}],"collection":[{"href":"https:\/\/mdcenergia.com.br\/en\/wp-json\/wp\/v2\/posts"}],"about":[{"href":"https:\/\/mdcenergia.com.br\/en\/wp-json\/wp\/v2\/types\/post"}],"author":[{"embeddable":true,"href":"https:\/\/mdcenergia.com.br\/en\/wp-json\/wp\/v2\/users\/17"}],"replies":[{"embeddable":true,"href":"https:\/\/mdcenergia.com.br\/en\/wp-json\/wp\/v2\/comments?post=2965"}],"version-history":[{"count":1,"href":"https:\/\/mdcenergia.com.br\/en\/wp-json\/wp\/v2\/posts\/2965\/revisions"}],"predecessor-version":[{"id":2967,"href":"https:\/\/mdcenergia.com.br\/en\/wp-json\/wp\/v2\/posts\/2965\/revisions\/2967"}],"wp:featuredmedia":[{"embeddable":true,"href":"https:\/\/mdcenergia.com.br\/en\/wp-json\/wp\/v2\/media\/2966"}],"wp:attachment":[{"href":"https:\/\/mdcenergia.com.br\/en\/wp-json\/wp\/v2\/media?parent=2965"}],"wp:term":[{"taxonomy":"category","embeddable":true,"href":"https:\/\/mdcenergia.com.br\/en\/wp-json\/wp\/v2\/categories?post=2965"},{"taxonomy":"post_tag","embeddable":true,"href":"https:\/\/mdcenergia.com.br\/en\/wp-json\/wp\/v2\/tags?post=2965"}],"curies":[{"name":"wp","href":"https:\/\/api.w.org\/{rel}","templated":true}]}}