{"id":3727,"date":"2024-10-03T14:35:25","date_gmt":"2024-10-03T17:35:25","guid":{"rendered":"https:\/\/mdcenergia.com.br\/?p=3727"},"modified":"2024-10-03T14:35:25","modified_gmt":"2024-10-03T17:35:25","slug":"confira-participacao-da-mdc-no-forum-do-biogas","status":"publish","type":"post","link":"https:\/\/mdcenergia.com.br\/en\/confira-participacao-da-mdc-no-forum-do-biogas\/","title":{"rendered":"11\u00ba F\u00f3rum do Biog\u00e1s \u00e9 realizado com a participa\u00e7\u00e3o da MDC"},"content":{"rendered":"<figure id=\"attachment_3728\" aria-describedby=\"caption-attachment-3728\" style=\"width: 331px\" class=\"wp-caption alignleft\"><img fetchpriority=\"high\" decoding=\"async\" class=\"wp-image-3728\" src=\"https:\/\/mdcenergia.com.br\/wp-content\/uploads\/2024\/10\/28039d61-b100-439d-8e95-8b9c7b5c5645-300x225.jpg\" alt=\"Equipe MDC durante o 11\u00ba F\u00f3rum do Biog\u00e1s\" width=\"331\" height=\"248\" srcset=\"https:\/\/mdcenergia.com.br\/wp-content\/uploads\/2024\/10\/28039d61-b100-439d-8e95-8b9c7b5c5645-300x225.jpg 300w, https:\/\/mdcenergia.com.br\/wp-content\/uploads\/2024\/10\/28039d61-b100-439d-8e95-8b9c7b5c5645-1024x768.jpg 1024w, https:\/\/mdcenergia.com.br\/wp-content\/uploads\/2024\/10\/28039d61-b100-439d-8e95-8b9c7b5c5645-768x576.jpg 768w, https:\/\/mdcenergia.com.br\/wp-content\/uploads\/2024\/10\/28039d61-b100-439d-8e95-8b9c7b5c5645-1536x1152.jpg 1536w, https:\/\/mdcenergia.com.br\/wp-content\/uploads\/2024\/10\/28039d61-b100-439d-8e95-8b9c7b5c5645-16x12.jpg 16w, https:\/\/mdcenergia.com.br\/wp-content\/uploads\/2024\/10\/28039d61-b100-439d-8e95-8b9c7b5c5645.jpg 1600w\" sizes=\"(max-width: 331px) 100vw, 331px\" \/><figcaption id=\"caption-attachment-3728\" class=\"wp-caption-text\">Equipe MDC durante o 11\u00ba F\u00f3rum do Biog\u00e1s<\/figcaption><\/figure>\n<p>Entre os dias 2 e 3 de outubro, o 11\u00ba F\u00f3rum do Biog\u00e1s acontece no Rio de Janeiro e \u00e9 claro que a MDC n\u00e3o poderia ficar de fora!<\/p>\n<p>Realizado pela <a class=\"app-aware-link\" href=\"https:\/\/www.linkedin.com\/company\/world-of-snacks-llc\/\" target=\"_self\" data-test-app-aware-link=\"\" rel=\"noopener\">ABiog\u00e1s &#8211; Associa\u00e7\u00e3o Brasileira de Biog\u00e1s<\/a>, institui\u00e7\u00e3o da qual fazemos parte, o evento re\u00fane os principais players do setor trazendo tecnologias, solu\u00e7\u00f5es e discuss\u00f5es ricas sobre transi\u00e7\u00e3o energ\u00e9tica e uso de energias renov\u00e1veis.<\/p>\n<p>O F\u00f3rum aconteceu no Expo Mag. A MDC esteve presente com um estande, representando seu papel pioneiro e inovador na produ\u00e7\u00e3o de biometano no pa\u00eds.<\/p>\n<figure id=\"attachment_3729\" aria-describedby=\"caption-attachment-3729\" style=\"width: 424px\" class=\"wp-caption alignright\"><img decoding=\"async\" class=\"wp-image-3729\" src=\"https:\/\/mdcenergia.com.br\/wp-content\/uploads\/2024\/10\/8b2ef60c-ef8a-459a-a348-7b88117965b0-300x225.jpg\" alt=\"Manuela Kayath, diretora presidente da MDC, durante painel no evento\" width=\"424\" height=\"318\" srcset=\"https:\/\/mdcenergia.com.br\/wp-content\/uploads\/2024\/10\/8b2ef60c-ef8a-459a-a348-7b88117965b0-300x225.jpg 300w, https:\/\/mdcenergia.com.br\/wp-content\/uploads\/2024\/10\/8b2ef60c-ef8a-459a-a348-7b88117965b0-1024x768.jpg 1024w, https:\/\/mdcenergia.com.br\/wp-content\/uploads\/2024\/10\/8b2ef60c-ef8a-459a-a348-7b88117965b0-768x576.jpg 768w, https:\/\/mdcenergia.com.br\/wp-content\/uploads\/2024\/10\/8b2ef60c-ef8a-459a-a348-7b88117965b0-1536x1152.jpg 1536w, https:\/\/mdcenergia.com.br\/wp-content\/uploads\/2024\/10\/8b2ef60c-ef8a-459a-a348-7b88117965b0-16x12.jpg 16w, https:\/\/mdcenergia.com.br\/wp-content\/uploads\/2024\/10\/8b2ef60c-ef8a-459a-a348-7b88117965b0.jpg 1600w\" sizes=\"(max-width: 424px) 100vw, 424px\" \/><figcaption id=\"caption-attachment-3729\" class=\"wp-caption-text\">Manuela Kayath, diretora presidente da MDC, durante painel no evento<\/figcaption><\/figure>\n<p>Na tarde de quarta-feira (2), nossa diretora presidente, <a id=\"ember485\" class=\"ember-view\" href=\"https:\/\/www.linkedin.com\/in\/manuela-larangeira-kayath\/\">Manuela Larangeira Kayath<\/a>, participou ainda do painel \u201cOs diferentes insumos para a produ\u00e7\u00e3o de biog\u00e1s: cases e especificidades\u201d. O bate-papo foi moderado por <a id=\"ember486\" class=\"ember-view\" href=\"https:\/\/www.linkedin.com\/in\/d%C3%A9bora-cardoso-vieira-oliver-2761a415\/\">D\u00e9bora Cardoso Vieira Oliver<\/a> e, al\u00e9m de Manuela, contou com <a id=\"ember487\" class=\"ember-view\" href=\"https:\/\/www.linkedin.com\/in\/andr%C3%A9-gustavo-alves-da-silva\/\">Andr\u00e9 Gustavo Alves da Silva<\/a>, <a id=\"ember488\" class=\"ember-view\" href=\"https:\/\/www.linkedin.com\/in\/rosane-ebert-miki-a2550652\/\">Rosane Ebert Miki<\/a> e <a id=\"ember489\" class=\"ember-view\" href=\"https:\/\/www.linkedin.com\/in\/cicero-bley-jr-38321523\/\">Cicero Bley Jr<\/a>.<\/p>\n<p>\u201cA MDC tem uma opera\u00e7\u00e3o bastante estabilizada. Estamos operando, por exemplo, a unidade GNR Fortaleza h\u00e1 seis anos, com um volume pr\u00f3ximo de 100 mil metros c\u00fabicos por dia. \u00c9 uma opera\u00e7\u00e3o muito est\u00e1vel, com \u00edndices acima de 95% disponibilidade. Mas, acredito que o nosso objetivo, como produtor e como investidor do projeto, \u00e9 estar sempre atr\u00e1s de melhorias cont\u00ednuas no processo\u201d, comentou Manuela Kayath durante sua participa\u00e7\u00e3o no painel.<\/p>\n<p>Continue acompanhando nossos canais para ver a cobertura completa.<\/p>","protected":false},"excerpt":{"rendered":"<p>Entre os dias 2 e 3 de outubro, o 11\u00ba F\u00f3rum do Biog\u00e1s acontece no Rio de Janeiro e \u00e9 claro que a MDC n\u00e3o poderia ficar de fora! Realizado pela ABiog\u00e1s &#8211; Associa\u00e7\u00e3o Brasileira de Biog\u00e1s, institui\u00e7\u00e3o da qual fazemos parte, o evento re\u00fane os principais players do setor trazendo tecnologias, solu\u00e7\u00f5es e discuss\u00f5es [&hellip;]<\/p>\n","protected":false},"author":17,"featured_media":3728,"comment_status":"closed","ping_status":"closed","sticky":false,"template":"","format":"standard","meta":{"_acf_changed":false,"footnotes":""},"categories":[1],"tags":[49,48,29,31,28,119,39],"class_list":["post-3727","post","type-post","status-publish","format-standard","has-post-thumbnail","hentry","category-uncategorized","tag-biogas","tag-biometano","tag-energia","tag-energia-renovavel","tag-mdc","tag-renovavel","tag-sustentabilidade"],"acf":[],"yoast_head":"<!-- This site is optimized with the Yoast SEO plugin v27.5 - https:\/\/yoast.com\/product\/yoast-seo-wordpress\/ -->\n<title>11\u00ba F\u00f3rum do Biog\u00e1s \u00e9 realizado com a participa\u00e7\u00e3o da MDC - MDC - Energia - Holding<\/title>\n<meta name=\"description\" content=\"A MDC esteve presente no 11\u00ba F\u00f3rum do Biog\u00e1s com um estande, representando seu papel pioneiro e inovador na produ\u00e7\u00e3o de biometano no pa\u00eds.\" \/>\n<meta name=\"robots\" content=\"index, follow, max-snippet:-1, max-image-preview:large, max-video-preview:-1\" \/>\n<link rel=\"canonical\" href=\"https:\/\/mdcenergia.com.br\/en\/confira-participacao-da-mdc-no-forum-do-biogas\/\" \/>\n<meta property=\"og:locale\" content=\"en_US\" \/>\n<meta property=\"og:type\" content=\"article\" \/>\n<meta property=\"og:title\" content=\"11\u00ba F\u00f3rum do Biog\u00e1s \u00e9 realizado com a participa\u00e7\u00e3o da MDC - MDC - Energia - Holding\" \/>\n<meta property=\"og:description\" content=\"A MDC esteve presente no 11\u00ba F\u00f3rum do Biog\u00e1s com um estande, representando seu papel pioneiro e inovador na produ\u00e7\u00e3o de biometano no pa\u00eds.\" \/>\n<meta property=\"og:url\" content=\"https:\/\/mdcenergia.com.br\/en\/confira-participacao-da-mdc-no-forum-do-biogas\/\" \/>\n<meta property=\"og:site_name\" content=\"MDC - Energia - Holding\" \/>\n<meta property=\"article:published_time\" content=\"2024-10-03T17:35:25+00:00\" \/>\n<meta property=\"og:image\" content=\"https:\/\/mdcenergia.com.br\/wp-content\/uploads\/2024\/10\/28039d61-b100-439d-8e95-8b9c7b5c5645.jpg\" \/>\n\t<meta property=\"og:image:width\" content=\"1600\" \/>\n\t<meta property=\"og:image:height\" content=\"1200\" \/>\n\t<meta property=\"og:image:type\" content=\"image\/jpeg\" \/>\n<meta name=\"author\" content=\"mdcenergia\" \/>\n<meta name=\"twitter:card\" content=\"summary_large_image\" \/>\n<meta name=\"twitter:label1\" content=\"Written by\" \/>\n\t<meta name=\"twitter:data1\" content=\"mdcenergia\" \/>\n\t<meta name=\"twitter:label2\" content=\"Est. reading time\" \/>\n\t<meta name=\"twitter:data2\" content=\"1 minute\" \/>\n<script type=\"application\/ld+json\" class=\"yoast-schema-graph\">{\"@context\":\"https:\\\/\\\/schema.org\",\"@graph\":[{\"@type\":\"Article\",\"@id\":\"https:\\\/\\\/mdcenergia.com.br\\\/confira-participacao-da-mdc-no-forum-do-biogas\\\/#article\",\"isPartOf\":{\"@id\":\"https:\\\/\\\/mdcenergia.com.br\\\/confira-participacao-da-mdc-no-forum-do-biogas\\\/\"},\"author\":{\"name\":\"mdcenergia\",\"@id\":\"https:\\\/\\\/mdcenergia.com.br\\\/#\\\/schema\\\/person\\\/989879fb922d6d03e3eea3802d3fc759\"},\"headline\":\"11\u00ba F\u00f3rum do Biog\u00e1s \u00e9 realizado com a participa\u00e7\u00e3o da MDC\",\"datePublished\":\"2024-10-03T17:35:25+00:00\",\"mainEntityOfPage\":{\"@id\":\"https:\\\/\\\/mdcenergia.com.br\\\/confira-participacao-da-mdc-no-forum-do-biogas\\\/\"},\"wordCount\":285,\"publisher\":{\"@id\":\"https:\\\/\\\/mdcenergia.com.br\\\/#organization\"},\"image\":{\"@id\":\"https:\\\/\\\/mdcenergia.com.br\\\/confira-participacao-da-mdc-no-forum-do-biogas\\\/#primaryimage\"},\"thumbnailUrl\":\"https:\\\/\\\/mdcenergia.com.br\\\/wp-content\\\/uploads\\\/2024\\\/10\\\/28039d61-b100-439d-8e95-8b9c7b5c5645.jpg\",\"keywords\":[\"Biog\u00e1s\",\"Biometano\",\"Energia\",\"Energia Renov\u00e1vel\",\"MDC\",\"Renov\u00e1vel\",\"Sustentabilidade\"],\"inLanguage\":\"en-US\"},{\"@type\":\"WebPage\",\"@id\":\"https:\\\/\\\/mdcenergia.com.br\\\/confira-participacao-da-mdc-no-forum-do-biogas\\\/\",\"url\":\"https:\\\/\\\/mdcenergia.com.br\\\/confira-participacao-da-mdc-no-forum-do-biogas\\\/\",\"name\":\"11\u00ba F\u00f3rum do Biog\u00e1s \u00e9 realizado com a participa\u00e7\u00e3o da MDC - MDC - Energia - Holding\",\"isPartOf\":{\"@id\":\"https:\\\/\\\/mdcenergia.com.br\\\/#website\"},\"primaryImageOfPage\":{\"@id\":\"https:\\\/\\\/mdcenergia.com.br\\\/confira-participacao-da-mdc-no-forum-do-biogas\\\/#primaryimage\"},\"image\":{\"@id\":\"https:\\\/\\\/mdcenergia.com.br\\\/confira-participacao-da-mdc-no-forum-do-biogas\\\/#primaryimage\"},\"thumbnailUrl\":\"https:\\\/\\\/mdcenergia.com.br\\\/wp-content\\\/uploads\\\/2024\\\/10\\\/28039d61-b100-439d-8e95-8b9c7b5c5645.jpg\",\"datePublished\":\"2024-10-03T17:35:25+00:00\",\"description\":\"A MDC esteve presente no 11\u00ba F\u00f3rum do Biog\u00e1s com um estande, representando seu papel pioneiro e inovador na produ\u00e7\u00e3o de biometano no pa\u00eds.\",\"breadcrumb\":{\"@id\":\"https:\\\/\\\/mdcenergia.com.br\\\/confira-participacao-da-mdc-no-forum-do-biogas\\\/#breadcrumb\"},\"inLanguage\":\"en-US\",\"potentialAction\":[{\"@type\":\"ReadAction\",\"target\":[\"https:\\\/\\\/mdcenergia.com.br\\\/confira-participacao-da-mdc-no-forum-do-biogas\\\/\"]}]},{\"@type\":\"ImageObject\",\"inLanguage\":\"en-US\",\"@id\":\"https:\\\/\\\/mdcenergia.com.br\\\/confira-participacao-da-mdc-no-forum-do-biogas\\\/#primaryimage\",\"url\":\"https:\\\/\\\/mdcenergia.com.br\\\/wp-content\\\/uploads\\\/2024\\\/10\\\/28039d61-b100-439d-8e95-8b9c7b5c5645.jpg\",\"contentUrl\":\"https:\\\/\\\/mdcenergia.com.br\\\/wp-content\\\/uploads\\\/2024\\\/10\\\/28039d61-b100-439d-8e95-8b9c7b5c5645.jpg\",\"width\":1600,\"height\":1200,\"caption\":\"Equipe MDC durante o 11\u00ba F\u00f3rum do Biog\u00e1s\"},{\"@type\":\"BreadcrumbList\",\"@id\":\"https:\\\/\\\/mdcenergia.com.br\\\/confira-participacao-da-mdc-no-forum-do-biogas\\\/#breadcrumb\",\"itemListElement\":[{\"@type\":\"ListItem\",\"position\":1,\"name\":\"In\u00edcio\",\"item\":\"https:\\\/\\\/mdcenergia.com.br\\\/\"},{\"@type\":\"ListItem\",\"position\":2,\"name\":\"11\u00ba F\u00f3rum do Biog\u00e1s \u00e9 realizado com a participa\u00e7\u00e3o da MDC\"}]},{\"@type\":\"WebSite\",\"@id\":\"https:\\\/\\\/mdcenergia.com.br\\\/#website\",\"url\":\"https:\\\/\\\/mdcenergia.com.br\\\/\",\"name\":\"MDC - Energia - Holding\",\"description\":\"\",\"publisher\":{\"@id\":\"https:\\\/\\\/mdcenergia.com.br\\\/#organization\"},\"potentialAction\":[{\"@type\":\"SearchAction\",\"target\":{\"@type\":\"EntryPoint\",\"urlTemplate\":\"https:\\\/\\\/mdcenergia.com.br\\\/?s={search_term_string}\"},\"query-input\":{\"@type\":\"PropertyValueSpecification\",\"valueRequired\":true,\"valueName\":\"search_term_string\"}}],\"inLanguage\":\"en-US\"},{\"@type\":\"Organization\",\"@id\":\"https:\\\/\\\/mdcenergia.com.br\\\/#organization\",\"name\":\"MDC - Energia - Holding\",\"url\":\"https:\\\/\\\/mdcenergia.com.br\\\/\",\"logo\":{\"@type\":\"ImageObject\",\"inLanguage\":\"en-US\",\"@id\":\"https:\\\/\\\/mdcenergia.com.br\\\/#\\\/schema\\\/logo\\\/image\\\/\",\"url\":\"https:\\\/\\\/mdcenergia.com.br\\\/wp-content\\\/uploads\\\/2020\\\/02\\\/MDC_RGB_Horizontal_Tagline_Negativo.png\",\"contentUrl\":\"https:\\\/\\\/mdcenergia.com.br\\\/wp-content\\\/uploads\\\/2020\\\/02\\\/MDC_RGB_Horizontal_Tagline_Negativo.png\",\"width\":2194,\"height\":1212,\"caption\":\"MDC - Energia - Holding\"},\"image\":{\"@id\":\"https:\\\/\\\/mdcenergia.com.br\\\/#\\\/schema\\\/logo\\\/image\\\/\"}},{\"@type\":\"Person\",\"@id\":\"https:\\\/\\\/mdcenergia.com.br\\\/#\\\/schema\\\/person\\\/989879fb922d6d03e3eea3802d3fc759\",\"name\":\"mdcenergia\",\"url\":\"https:\\\/\\\/mdcenergia.com.br\\\/en\\\/author\\\/mdcenergia\\\/\"}]}<\/script>\n<!-- \/ Yoast SEO plugin. -->","yoast_head_json":{"title":"11\u00ba F\u00f3rum do Biog\u00e1s \u00e9 realizado com a participa\u00e7\u00e3o da MDC - MDC - Energia - Holding","description":"A MDC esteve presente no 11\u00ba F\u00f3rum do Biog\u00e1s com um estande, representando seu papel pioneiro e inovador na produ\u00e7\u00e3o de biometano no pa\u00eds.","robots":{"index":"index","follow":"follow","max-snippet":"max-snippet:-1","max-image-preview":"max-image-preview:large","max-video-preview":"max-video-preview:-1"},"canonical":"https:\/\/mdcenergia.com.br\/en\/confira-participacao-da-mdc-no-forum-do-biogas\/","og_locale":"en_US","og_type":"article","og_title":"11\u00ba F\u00f3rum do Biog\u00e1s \u00e9 realizado com a participa\u00e7\u00e3o da MDC - MDC - Energia - Holding","og_description":"A MDC esteve presente no 11\u00ba F\u00f3rum do Biog\u00e1s com um estande, representando seu papel pioneiro e inovador na produ\u00e7\u00e3o de biometano no pa\u00eds.","og_url":"https:\/\/mdcenergia.com.br\/en\/confira-participacao-da-mdc-no-forum-do-biogas\/","og_site_name":"MDC - Energia - Holding","article_published_time":"2024-10-03T17:35:25+00:00","og_image":[{"width":1600,"height":1200,"url":"https:\/\/mdcenergia.com.br\/wp-content\/uploads\/2024\/10\/28039d61-b100-439d-8e95-8b9c7b5c5645.jpg","type":"image\/jpeg"}],"author":"mdcenergia","twitter_card":"summary_large_image","twitter_misc":{"Written by":"mdcenergia","Est. reading time":"1 minute"},"schema":{"@context":"https:\/\/schema.org","@graph":[{"@type":"Article","@id":"https:\/\/mdcenergia.com.br\/confira-participacao-da-mdc-no-forum-do-biogas\/#article","isPartOf":{"@id":"https:\/\/mdcenergia.com.br\/confira-participacao-da-mdc-no-forum-do-biogas\/"},"author":{"name":"mdcenergia","@id":"https:\/\/mdcenergia.com.br\/#\/schema\/person\/989879fb922d6d03e3eea3802d3fc759"},"headline":"11\u00ba F\u00f3rum do Biog\u00e1s \u00e9 realizado com a participa\u00e7\u00e3o da MDC","datePublished":"2024-10-03T17:35:25+00:00","mainEntityOfPage":{"@id":"https:\/\/mdcenergia.com.br\/confira-participacao-da-mdc-no-forum-do-biogas\/"},"wordCount":285,"publisher":{"@id":"https:\/\/mdcenergia.com.br\/#organization"},"image":{"@id":"https:\/\/mdcenergia.com.br\/confira-participacao-da-mdc-no-forum-do-biogas\/#primaryimage"},"thumbnailUrl":"https:\/\/mdcenergia.com.br\/wp-content\/uploads\/2024\/10\/28039d61-b100-439d-8e95-8b9c7b5c5645.jpg","keywords":["Biog\u00e1s","Biometano","Energia","Energia Renov\u00e1vel","MDC","Renov\u00e1vel","Sustentabilidade"],"inLanguage":"en-US"},{"@type":"WebPage","@id":"https:\/\/mdcenergia.com.br\/confira-participacao-da-mdc-no-forum-do-biogas\/","url":"https:\/\/mdcenergia.com.br\/confira-participacao-da-mdc-no-forum-do-biogas\/","name":"11\u00ba F\u00f3rum do Biog\u00e1s \u00e9 realizado com a participa\u00e7\u00e3o da MDC - MDC - Energia - Holding","isPartOf":{"@id":"https:\/\/mdcenergia.com.br\/#website"},"primaryImageOfPage":{"@id":"https:\/\/mdcenergia.com.br\/confira-participacao-da-mdc-no-forum-do-biogas\/#primaryimage"},"image":{"@id":"https:\/\/mdcenergia.com.br\/confira-participacao-da-mdc-no-forum-do-biogas\/#primaryimage"},"thumbnailUrl":"https:\/\/mdcenergia.com.br\/wp-content\/uploads\/2024\/10\/28039d61-b100-439d-8e95-8b9c7b5c5645.jpg","datePublished":"2024-10-03T17:35:25+00:00","description":"A MDC esteve presente no 11\u00ba F\u00f3rum do Biog\u00e1s com um estande, representando seu papel pioneiro e inovador na produ\u00e7\u00e3o de biometano no pa\u00eds.","breadcrumb":{"@id":"https:\/\/mdcenergia.com.br\/confira-participacao-da-mdc-no-forum-do-biogas\/#breadcrumb"},"inLanguage":"en-US","potentialAction":[{"@type":"ReadAction","target":["https:\/\/mdcenergia.com.br\/confira-participacao-da-mdc-no-forum-do-biogas\/"]}]},{"@type":"ImageObject","inLanguage":"en-US","@id":"https:\/\/mdcenergia.com.br\/confira-participacao-da-mdc-no-forum-do-biogas\/#primaryimage","url":"https:\/\/mdcenergia.com.br\/wp-content\/uploads\/2024\/10\/28039d61-b100-439d-8e95-8b9c7b5c5645.jpg","contentUrl":"https:\/\/mdcenergia.com.br\/wp-content\/uploads\/2024\/10\/28039d61-b100-439d-8e95-8b9c7b5c5645.jpg","width":1600,"height":1200,"caption":"Equipe MDC durante o 11\u00ba F\u00f3rum do Biog\u00e1s"},{"@type":"BreadcrumbList","@id":"https:\/\/mdcenergia.com.br\/confira-participacao-da-mdc-no-forum-do-biogas\/#breadcrumb","itemListElement":[{"@type":"ListItem","position":1,"name":"In\u00edcio","item":"https:\/\/mdcenergia.com.br\/"},{"@type":"ListItem","position":2,"name":"11\u00ba F\u00f3rum do Biog\u00e1s \u00e9 realizado com a participa\u00e7\u00e3o da MDC"}]},{"@type":"WebSite","@id":"https:\/\/mdcenergia.com.br\/#website","url":"https:\/\/mdcenergia.com.br\/","name":"MDC - Energia - Holding","description":"","publisher":{"@id":"https:\/\/mdcenergia.com.br\/#organization"},"potentialAction":[{"@type":"SearchAction","target":{"@type":"EntryPoint","urlTemplate":"https:\/\/mdcenergia.com.br\/?s={search_term_string}"},"query-input":{"@type":"PropertyValueSpecification","valueRequired":true,"valueName":"search_term_string"}}],"inLanguage":"en-US"},{"@type":"Organization","@id":"https:\/\/mdcenergia.com.br\/#organization","name":"MDC - Energia - Holding","url":"https:\/\/mdcenergia.com.br\/","logo":{"@type":"ImageObject","inLanguage":"en-US","@id":"https:\/\/mdcenergia.com.br\/#\/schema\/logo\/image\/","url":"https:\/\/mdcenergia.com.br\/wp-content\/uploads\/2020\/02\/MDC_RGB_Horizontal_Tagline_Negativo.png","contentUrl":"https:\/\/mdcenergia.com.br\/wp-content\/uploads\/2020\/02\/MDC_RGB_Horizontal_Tagline_Negativo.png","width":2194,"height":1212,"caption":"MDC - Energia - Holding"},"image":{"@id":"https:\/\/mdcenergia.com.br\/#\/schema\/logo\/image\/"}},{"@type":"Person","@id":"https:\/\/mdcenergia.com.br\/#\/schema\/person\/989879fb922d6d03e3eea3802d3fc759","name":"mdcenergia","url":"https:\/\/mdcenergia.com.br\/en\/author\/mdcenergia\/"}]}},"_links":{"self":[{"href":"https:\/\/mdcenergia.com.br\/en\/wp-json\/wp\/v2\/posts\/3727","targetHints":{"allow":["GET"]}}],"collection":[{"href":"https:\/\/mdcenergia.com.br\/en\/wp-json\/wp\/v2\/posts"}],"about":[{"href":"https:\/\/mdcenergia.com.br\/en\/wp-json\/wp\/v2\/types\/post"}],"author":[{"embeddable":true,"href":"https:\/\/mdcenergia.com.br\/en\/wp-json\/wp\/v2\/users\/17"}],"replies":[{"embeddable":true,"href":"https:\/\/mdcenergia.com.br\/en\/wp-json\/wp\/v2\/comments?post=3727"}],"version-history":[{"count":1,"href":"https:\/\/mdcenergia.com.br\/en\/wp-json\/wp\/v2\/posts\/3727\/revisions"}],"predecessor-version":[{"id":3730,"href":"https:\/\/mdcenergia.com.br\/en\/wp-json\/wp\/v2\/posts\/3727\/revisions\/3730"}],"wp:featuredmedia":[{"embeddable":true,"href":"https:\/\/mdcenergia.com.br\/en\/wp-json\/wp\/v2\/media\/3728"}],"wp:attachment":[{"href":"https:\/\/mdcenergia.com.br\/en\/wp-json\/wp\/v2\/media?parent=3727"}],"wp:term":[{"taxonomy":"category","embeddable":true,"href":"https:\/\/mdcenergia.com.br\/en\/wp-json\/wp\/v2\/categories?post=3727"},{"taxonomy":"post_tag","embeddable":true,"href":"https:\/\/mdcenergia.com.br\/en\/wp-json\/wp\/v2\/tags?post=3727"}],"curies":[{"name":"wp","href":"https:\/\/api.w.org\/{rel}","templated":true}]}}