{"id":4376,"date":"2025-08-20T10:06:30","date_gmt":"2025-08-20T13:06:30","guid":{"rendered":"https:\/\/mdcenergia.com.br\/?p=4376"},"modified":"2025-11-05T10:30:28","modified_gmt":"2025-11-05T13:30:28","slug":"participacao-na-rio-innovation-week","status":"publish","type":"post","link":"https:\/\/mdcenergia.com.br\/en\/participacao-na-rio-innovation-week\/","title":{"rendered":"Participa\u00e7\u00e3o na Rio Innovation Week"},"content":{"rendered":"<p class=\"noSpacingAbove spacingBelow\" data-text-type=\"withSpacing\">Mais de 200 mil pessoas acompanharam a\u00a0<strong>Rio Innovation Week<\/strong>\u00a0na \u00faltima semana. Na capital carioca, o evento trouxe uma programa\u00e7\u00e3o diversa com temas como economia criativa, alta performance, mobilidade urbana e transi\u00e7\u00e3o energ\u00e9tica.<\/p>\n<p class=\"noSpacingAbove spacingBelow\" data-text-type=\"withSpacing\">Lucas D\u2019avila, Coordenador de Neg\u00f3cios Renov\u00e1veis na MDC, foi um dos painelistas da mesa \u201cCombust\u00edveis do Futuro e os Rumos das Pol\u00edticas P\u00fablicas na Arquitetura de Solu\u00e7\u00f5es e Mercados para Descarboniza\u00e7\u00e3o\u201d, que aconteceu em 15 de agosto, \u00faltimo dia do evento.<\/p>\n<p class=\"noSpacingAbove spacingBelow\" data-text-type=\"withSpacing\">\u201cTive a oportunidade de discutir os planos do Governo para a agenda de neutralidade clim\u00e1tica at\u00e9 2050 e de destacar o papel estrat\u00e9gico e sin\u00e9rgico da cadeia do biog\u00e1s e do biometano em iniciativas como o Plano Nacional de Res\u00edduos S\u00f3lidos (PLANARES), Plano Nacional de Redu\u00e7\u00e3o e Reciclagem de Res\u00edduos Org\u00e2nicos Urbanos (PLANARO), Programa Metano Zero e o Plano ABC+. Enfatizei, tamb\u00e9m, a relev\u00e2ncia de os Estados identificarem essas sinergias e promoverem pol\u00edticas p\u00fablicas capazes de atender \u00e0s diferentes realidades e necessidades regionais\u201d, comentou Lucas.<\/p>\n<p class=\"noSpacingAbove spacingBelow\" data-text-type=\"withSpacing\">A Rio Innovation Week teve ainda muito espa\u00e7o para debates acerca de sustentabilidade e responsabilidade social. Nosso time aproveitou o evento para acompanhar o palco montado pelo Instituto da Crian\u00e7a, um dos parceiros da MDC na agenda de projetos sociais, que trouxe discuss\u00f5es sobre empreendedorismo social, mensura\u00e7\u00e3o do impacto ESG e intelig\u00eancia artificial no terceiro setor.<\/p>","protected":false},"excerpt":{"rendered":"<p>Mais de 200 mil pessoas acompanharam a\u00a0Rio Innovation Week\u00a0na \u00faltima semana. Na capital carioca, o evento trouxe uma programa\u00e7\u00e3o diversa com temas como economia criativa, alta performance, mobilidade urbana e transi\u00e7\u00e3o energ\u00e9tica. Lucas D\u2019avila, Coordenador de Neg\u00f3cios Renov\u00e1veis na MDC, foi um dos painelistas da mesa \u201cCombust\u00edveis do Futuro e os Rumos das Pol\u00edticas P\u00fablicas [&hellip;]<\/p>\n","protected":false},"author":17,"featured_media":4377,"comment_status":"closed","ping_status":"closed","sticky":false,"template":"","format":"standard","meta":{"_acf_changed":false,"footnotes":""},"categories":[1],"tags":[48,164,162,161,163,160],"class_list":["post-4376","post","type-post","status-publish","format-standard","has-post-thumbnail","hentry","category-uncategorized","tag-biometano","tag-combustiveis-do-futuro","tag-plano-nacional-de-reducao-e-reciclagem-de-residuos-organicos-urbanos-planaro","tag-plano-nacional-de-residuos-solidos-planares","tag-programa-metano-zero","tag-rio-innovation-week"],"acf":[],"yoast_head":"<!-- This site is optimized with the Yoast SEO plugin v27.5 - https:\/\/yoast.com\/product\/yoast-seo-wordpress\/ -->\n<title>Participa\u00e7\u00e3o na Rio Innovation Week - MDC - Energia - Holding<\/title>\n<meta name=\"robots\" content=\"index, follow, max-snippet:-1, max-image-preview:large, max-video-preview:-1\" \/>\n<link rel=\"canonical\" href=\"https:\/\/mdcenergia.com.br\/en\/participacao-na-rio-innovation-week\/\" \/>\n<meta property=\"og:locale\" content=\"en_US\" \/>\n<meta property=\"og:type\" content=\"article\" \/>\n<meta property=\"og:title\" content=\"Participa\u00e7\u00e3o na Rio Innovation Week - MDC - Energia - Holding\" \/>\n<meta property=\"og:description\" content=\"Mais de 200 mil pessoas acompanharam a\u00a0Rio Innovation Week\u00a0na \u00faltima semana. Na capital carioca, o evento trouxe uma programa\u00e7\u00e3o diversa com temas como economia criativa, alta performance, mobilidade urbana e transi\u00e7\u00e3o energ\u00e9tica. Lucas D\u2019avila, Coordenador de Neg\u00f3cios Renov\u00e1veis na MDC, foi um dos painelistas da mesa \u201cCombust\u00edveis do Futuro e os Rumos das Pol\u00edticas P\u00fablicas [&hellip;]\" \/>\n<meta property=\"og:url\" content=\"https:\/\/mdcenergia.com.br\/en\/participacao-na-rio-innovation-week\/\" \/>\n<meta property=\"og:site_name\" content=\"MDC - Energia - Holding\" \/>\n<meta property=\"article:published_time\" content=\"2025-08-20T13:06:30+00:00\" \/>\n<meta property=\"article:modified_time\" content=\"2025-11-05T13:30:28+00:00\" \/>\n<meta property=\"og:image\" content=\"https:\/\/mdcenergia.com.br\/wp-content\/uploads\/2025\/11\/Capa-Intranet-25-scaled.jpg\" \/>\n\t<meta property=\"og:image:width\" content=\"2560\" \/>\n\t<meta property=\"og:image:height\" content=\"1280\" \/>\n\t<meta property=\"og:image:type\" content=\"image\/jpeg\" \/>\n<meta name=\"author\" content=\"mdcenergia\" \/>\n<meta name=\"twitter:card\" content=\"summary_large_image\" \/>\n<meta name=\"twitter:label1\" content=\"Written by\" \/>\n\t<meta name=\"twitter:data1\" content=\"mdcenergia\" \/>\n\t<meta name=\"twitter:label2\" content=\"Est. reading time\" \/>\n\t<meta name=\"twitter:data2\" content=\"1 minute\" \/>\n<script type=\"application\/ld+json\" class=\"yoast-schema-graph\">{\"@context\":\"https:\\\/\\\/schema.org\",\"@graph\":[{\"@type\":\"Article\",\"@id\":\"https:\\\/\\\/mdcenergia.com.br\\\/participacao-na-rio-innovation-week\\\/#article\",\"isPartOf\":{\"@id\":\"https:\\\/\\\/mdcenergia.com.br\\\/participacao-na-rio-innovation-week\\\/\"},\"author\":{\"name\":\"mdcenergia\",\"@id\":\"https:\\\/\\\/mdcenergia.com.br\\\/#\\\/schema\\\/person\\\/989879fb922d6d03e3eea3802d3fc759\"},\"headline\":\"Participa\u00e7\u00e3o na Rio Innovation Week\",\"datePublished\":\"2025-08-20T13:06:30+00:00\",\"dateModified\":\"2025-11-05T13:30:28+00:00\",\"mainEntityOfPage\":{\"@id\":\"https:\\\/\\\/mdcenergia.com.br\\\/participacao-na-rio-innovation-week\\\/\"},\"wordCount\":248,\"publisher\":{\"@id\":\"https:\\\/\\\/mdcenergia.com.br\\\/#organization\"},\"image\":{\"@id\":\"https:\\\/\\\/mdcenergia.com.br\\\/participacao-na-rio-innovation-week\\\/#primaryimage\"},\"thumbnailUrl\":\"https:\\\/\\\/mdcenergia.com.br\\\/wp-content\\\/uploads\\\/2025\\\/11\\\/Capa-Intranet-25-scaled.jpg\",\"keywords\":[\"Biometano\",\"Combust\u00edveis do Futuro\",\"Plano Nacional de Redu\u00e7\u00e3o e Reciclagem de Res\u00edduos Org\u00e2nicos Urbanos (PLANARO)\",\"Plano Nacional de Res\u00edduos S\u00f3lidos (PLANARES)\",\"Programa Metano Zero\",\"Rio Innovation Week\"],\"inLanguage\":\"en-US\"},{\"@type\":\"WebPage\",\"@id\":\"https:\\\/\\\/mdcenergia.com.br\\\/participacao-na-rio-innovation-week\\\/\",\"url\":\"https:\\\/\\\/mdcenergia.com.br\\\/participacao-na-rio-innovation-week\\\/\",\"name\":\"Participa\u00e7\u00e3o na Rio Innovation Week - MDC - Energia - Holding\",\"isPartOf\":{\"@id\":\"https:\\\/\\\/mdcenergia.com.br\\\/#website\"},\"primaryImageOfPage\":{\"@id\":\"https:\\\/\\\/mdcenergia.com.br\\\/participacao-na-rio-innovation-week\\\/#primaryimage\"},\"image\":{\"@id\":\"https:\\\/\\\/mdcenergia.com.br\\\/participacao-na-rio-innovation-week\\\/#primaryimage\"},\"thumbnailUrl\":\"https:\\\/\\\/mdcenergia.com.br\\\/wp-content\\\/uploads\\\/2025\\\/11\\\/Capa-Intranet-25-scaled.jpg\",\"datePublished\":\"2025-08-20T13:06:30+00:00\",\"dateModified\":\"2025-11-05T13:30:28+00:00\",\"breadcrumb\":{\"@id\":\"https:\\\/\\\/mdcenergia.com.br\\\/participacao-na-rio-innovation-week\\\/#breadcrumb\"},\"inLanguage\":\"en-US\",\"potentialAction\":[{\"@type\":\"ReadAction\",\"target\":[\"https:\\\/\\\/mdcenergia.com.br\\\/participacao-na-rio-innovation-week\\\/\"]}]},{\"@type\":\"ImageObject\",\"inLanguage\":\"en-US\",\"@id\":\"https:\\\/\\\/mdcenergia.com.br\\\/participacao-na-rio-innovation-week\\\/#primaryimage\",\"url\":\"https:\\\/\\\/mdcenergia.com.br\\\/wp-content\\\/uploads\\\/2025\\\/11\\\/Capa-Intranet-25-scaled.jpg\",\"contentUrl\":\"https:\\\/\\\/mdcenergia.com.br\\\/wp-content\\\/uploads\\\/2025\\\/11\\\/Capa-Intranet-25-scaled.jpg\",\"width\":2560,\"height\":1280},{\"@type\":\"BreadcrumbList\",\"@id\":\"https:\\\/\\\/mdcenergia.com.br\\\/participacao-na-rio-innovation-week\\\/#breadcrumb\",\"itemListElement\":[{\"@type\":\"ListItem\",\"position\":1,\"name\":\"In\u00edcio\",\"item\":\"https:\\\/\\\/mdcenergia.com.br\\\/\"},{\"@type\":\"ListItem\",\"position\":2,\"name\":\"Participa\u00e7\u00e3o na Rio Innovation Week\"}]},{\"@type\":\"WebSite\",\"@id\":\"https:\\\/\\\/mdcenergia.com.br\\\/#website\",\"url\":\"https:\\\/\\\/mdcenergia.com.br\\\/\",\"name\":\"MDC - Energia - Holding\",\"description\":\"\",\"publisher\":{\"@id\":\"https:\\\/\\\/mdcenergia.com.br\\\/#organization\"},\"potentialAction\":[{\"@type\":\"SearchAction\",\"target\":{\"@type\":\"EntryPoint\",\"urlTemplate\":\"https:\\\/\\\/mdcenergia.com.br\\\/?s={search_term_string}\"},\"query-input\":{\"@type\":\"PropertyValueSpecification\",\"valueRequired\":true,\"valueName\":\"search_term_string\"}}],\"inLanguage\":\"en-US\"},{\"@type\":\"Organization\",\"@id\":\"https:\\\/\\\/mdcenergia.com.br\\\/#organization\",\"name\":\"MDC - Energia - Holding\",\"url\":\"https:\\\/\\\/mdcenergia.com.br\\\/\",\"logo\":{\"@type\":\"ImageObject\",\"inLanguage\":\"en-US\",\"@id\":\"https:\\\/\\\/mdcenergia.com.br\\\/#\\\/schema\\\/logo\\\/image\\\/\",\"url\":\"https:\\\/\\\/mdcenergia.com.br\\\/wp-content\\\/uploads\\\/2020\\\/02\\\/MDC_RGB_Horizontal_Tagline_Negativo.png\",\"contentUrl\":\"https:\\\/\\\/mdcenergia.com.br\\\/wp-content\\\/uploads\\\/2020\\\/02\\\/MDC_RGB_Horizontal_Tagline_Negativo.png\",\"width\":2194,\"height\":1212,\"caption\":\"MDC - Energia - Holding\"},\"image\":{\"@id\":\"https:\\\/\\\/mdcenergia.com.br\\\/#\\\/schema\\\/logo\\\/image\\\/\"}},{\"@type\":\"Person\",\"@id\":\"https:\\\/\\\/mdcenergia.com.br\\\/#\\\/schema\\\/person\\\/989879fb922d6d03e3eea3802d3fc759\",\"name\":\"mdcenergia\",\"url\":\"https:\\\/\\\/mdcenergia.com.br\\\/en\\\/author\\\/mdcenergia\\\/\"}]}<\/script>\n<!-- \/ Yoast SEO plugin. -->","yoast_head_json":{"title":"Participa\u00e7\u00e3o na Rio Innovation Week - MDC - Energia - Holding","robots":{"index":"index","follow":"follow","max-snippet":"max-snippet:-1","max-image-preview":"max-image-preview:large","max-video-preview":"max-video-preview:-1"},"canonical":"https:\/\/mdcenergia.com.br\/en\/participacao-na-rio-innovation-week\/","og_locale":"en_US","og_type":"article","og_title":"Participa\u00e7\u00e3o na Rio Innovation Week - MDC - Energia - Holding","og_description":"Mais de 200 mil pessoas acompanharam a\u00a0Rio Innovation Week\u00a0na \u00faltima semana. Na capital carioca, o evento trouxe uma programa\u00e7\u00e3o diversa com temas como economia criativa, alta performance, mobilidade urbana e transi\u00e7\u00e3o energ\u00e9tica. Lucas D\u2019avila, Coordenador de Neg\u00f3cios Renov\u00e1veis na MDC, foi um dos painelistas da mesa \u201cCombust\u00edveis do Futuro e os Rumos das Pol\u00edticas P\u00fablicas [&hellip;]","og_url":"https:\/\/mdcenergia.com.br\/en\/participacao-na-rio-innovation-week\/","og_site_name":"MDC - Energia - Holding","article_published_time":"2025-08-20T13:06:30+00:00","article_modified_time":"2025-11-05T13:30:28+00:00","og_image":[{"width":2560,"height":1280,"url":"https:\/\/mdcenergia.com.br\/wp-content\/uploads\/2025\/11\/Capa-Intranet-25-scaled.jpg","type":"image\/jpeg"}],"author":"mdcenergia","twitter_card":"summary_large_image","twitter_misc":{"Written by":"mdcenergia","Est. reading time":"1 minute"},"schema":{"@context":"https:\/\/schema.org","@graph":[{"@type":"Article","@id":"https:\/\/mdcenergia.com.br\/participacao-na-rio-innovation-week\/#article","isPartOf":{"@id":"https:\/\/mdcenergia.com.br\/participacao-na-rio-innovation-week\/"},"author":{"name":"mdcenergia","@id":"https:\/\/mdcenergia.com.br\/#\/schema\/person\/989879fb922d6d03e3eea3802d3fc759"},"headline":"Participa\u00e7\u00e3o na Rio Innovation Week","datePublished":"2025-08-20T13:06:30+00:00","dateModified":"2025-11-05T13:30:28+00:00","mainEntityOfPage":{"@id":"https:\/\/mdcenergia.com.br\/participacao-na-rio-innovation-week\/"},"wordCount":248,"publisher":{"@id":"https:\/\/mdcenergia.com.br\/#organization"},"image":{"@id":"https:\/\/mdcenergia.com.br\/participacao-na-rio-innovation-week\/#primaryimage"},"thumbnailUrl":"https:\/\/mdcenergia.com.br\/wp-content\/uploads\/2025\/11\/Capa-Intranet-25-scaled.jpg","keywords":["Biometano","Combust\u00edveis do Futuro","Plano Nacional de Redu\u00e7\u00e3o e Reciclagem de Res\u00edduos Org\u00e2nicos Urbanos (PLANARO)","Plano Nacional de Res\u00edduos S\u00f3lidos (PLANARES)","Programa Metano Zero","Rio Innovation Week"],"inLanguage":"en-US"},{"@type":"WebPage","@id":"https:\/\/mdcenergia.com.br\/participacao-na-rio-innovation-week\/","url":"https:\/\/mdcenergia.com.br\/participacao-na-rio-innovation-week\/","name":"Participa\u00e7\u00e3o na Rio Innovation Week - MDC - Energia - Holding","isPartOf":{"@id":"https:\/\/mdcenergia.com.br\/#website"},"primaryImageOfPage":{"@id":"https:\/\/mdcenergia.com.br\/participacao-na-rio-innovation-week\/#primaryimage"},"image":{"@id":"https:\/\/mdcenergia.com.br\/participacao-na-rio-innovation-week\/#primaryimage"},"thumbnailUrl":"https:\/\/mdcenergia.com.br\/wp-content\/uploads\/2025\/11\/Capa-Intranet-25-scaled.jpg","datePublished":"2025-08-20T13:06:30+00:00","dateModified":"2025-11-05T13:30:28+00:00","breadcrumb":{"@id":"https:\/\/mdcenergia.com.br\/participacao-na-rio-innovation-week\/#breadcrumb"},"inLanguage":"en-US","potentialAction":[{"@type":"ReadAction","target":["https:\/\/mdcenergia.com.br\/participacao-na-rio-innovation-week\/"]}]},{"@type":"ImageObject","inLanguage":"en-US","@id":"https:\/\/mdcenergia.com.br\/participacao-na-rio-innovation-week\/#primaryimage","url":"https:\/\/mdcenergia.com.br\/wp-content\/uploads\/2025\/11\/Capa-Intranet-25-scaled.jpg","contentUrl":"https:\/\/mdcenergia.com.br\/wp-content\/uploads\/2025\/11\/Capa-Intranet-25-scaled.jpg","width":2560,"height":1280},{"@type":"BreadcrumbList","@id":"https:\/\/mdcenergia.com.br\/participacao-na-rio-innovation-week\/#breadcrumb","itemListElement":[{"@type":"ListItem","position":1,"name":"In\u00edcio","item":"https:\/\/mdcenergia.com.br\/"},{"@type":"ListItem","position":2,"name":"Participa\u00e7\u00e3o na Rio Innovation Week"}]},{"@type":"WebSite","@id":"https:\/\/mdcenergia.com.br\/#website","url":"https:\/\/mdcenergia.com.br\/","name":"MDC - Energia - Holding","description":"","publisher":{"@id":"https:\/\/mdcenergia.com.br\/#organization"},"potentialAction":[{"@type":"SearchAction","target":{"@type":"EntryPoint","urlTemplate":"https:\/\/mdcenergia.com.br\/?s={search_term_string}"},"query-input":{"@type":"PropertyValueSpecification","valueRequired":true,"valueName":"search_term_string"}}],"inLanguage":"en-US"},{"@type":"Organization","@id":"https:\/\/mdcenergia.com.br\/#organization","name":"MDC - Energia - Holding","url":"https:\/\/mdcenergia.com.br\/","logo":{"@type":"ImageObject","inLanguage":"en-US","@id":"https:\/\/mdcenergia.com.br\/#\/schema\/logo\/image\/","url":"https:\/\/mdcenergia.com.br\/wp-content\/uploads\/2020\/02\/MDC_RGB_Horizontal_Tagline_Negativo.png","contentUrl":"https:\/\/mdcenergia.com.br\/wp-content\/uploads\/2020\/02\/MDC_RGB_Horizontal_Tagline_Negativo.png","width":2194,"height":1212,"caption":"MDC - Energia - Holding"},"image":{"@id":"https:\/\/mdcenergia.com.br\/#\/schema\/logo\/image\/"}},{"@type":"Person","@id":"https:\/\/mdcenergia.com.br\/#\/schema\/person\/989879fb922d6d03e3eea3802d3fc759","name":"mdcenergia","url":"https:\/\/mdcenergia.com.br\/en\/author\/mdcenergia\/"}]}},"_links":{"self":[{"href":"https:\/\/mdcenergia.com.br\/en\/wp-json\/wp\/v2\/posts\/4376","targetHints":{"allow":["GET"]}}],"collection":[{"href":"https:\/\/mdcenergia.com.br\/en\/wp-json\/wp\/v2\/posts"}],"about":[{"href":"https:\/\/mdcenergia.com.br\/en\/wp-json\/wp\/v2\/types\/post"}],"author":[{"embeddable":true,"href":"https:\/\/mdcenergia.com.br\/en\/wp-json\/wp\/v2\/users\/17"}],"replies":[{"embeddable":true,"href":"https:\/\/mdcenergia.com.br\/en\/wp-json\/wp\/v2\/comments?post=4376"}],"version-history":[{"count":1,"href":"https:\/\/mdcenergia.com.br\/en\/wp-json\/wp\/v2\/posts\/4376\/revisions"}],"predecessor-version":[{"id":4378,"href":"https:\/\/mdcenergia.com.br\/en\/wp-json\/wp\/v2\/posts\/4376\/revisions\/4378"}],"wp:featuredmedia":[{"embeddable":true,"href":"https:\/\/mdcenergia.com.br\/en\/wp-json\/wp\/v2\/media\/4377"}],"wp:attachment":[{"href":"https:\/\/mdcenergia.com.br\/en\/wp-json\/wp\/v2\/media?parent=4376"}],"wp:term":[{"taxonomy":"category","embeddable":true,"href":"https:\/\/mdcenergia.com.br\/en\/wp-json\/wp\/v2\/categories?post=4376"},{"taxonomy":"post_tag","embeddable":true,"href":"https:\/\/mdcenergia.com.br\/en\/wp-json\/wp\/v2\/tags?post=4376"}],"curies":[{"name":"wp","href":"https:\/\/api.w.org\/{rel}","templated":true}]}}